{"id":3400,"date":"2009-07-25T23:18:32","date_gmt":"2009-07-25T22:18:32","guid":{"rendered":"http:\/\/poesiamas.net\/blog\/?p=3400"},"modified":"2015-03-14T00:51:18","modified_gmt":"2015-03-14T00:51:18","slug":"si-no-lees-libros-es-por-tu-culpa","status":"publish","type":"post","link":"https:\/\/escribocreativo.com\/blog\/2009\/07\/25\/si-no-lees-libros-es-por-tu-culpa\/","title":{"rendered":"La falacia: si no lees, es porque no te esfuerzas"},"content":{"rendered":"<p style=\"text-align: justify;\"><a href=\"https:\/\/escribocreativo.com\/blog\/wp-content\/uploads\/2009\/07\/lectura.jpg\"><img loading=\"lazy\" decoding=\"async\" class=\"alignleft size-medium wp-image-3402\" style=\"margin: 5px;\" title=\"lectura\" src=\"https:\/\/escribocreativo.com\/blog\/wp-content\/uploads\/2009\/07\/lectura-300x248.jpg\" alt=\"lectura\" width=\"210\" height=\"174\" \/><\/a>Esa idea tan manida de que la mayor\u00eda de la gente que no lee  lo hace porque  hay que esforzarse es una media verdad y, como tal, una mentira. La gente que no lee tendr\u00e1 mil razones para no hacerlo, y habr\u00e1 un porcentaje en el cual el esfuerzo sea un motivo suficiente para no hacerlo. Todos tenemos el derecho de elegir nuestro ocio.<\/p>\n<p style=\"text-align: justify;\">La m\u00e1s sencilla es: porque no le atrae ese acto. Prefieren hacer otras cosas. La lectura es un h\u00e1bito, pero jam\u00e1s podr\u00e1 imponerse a nadie la liturgia de la lectura si esta persona no siente que lo hace de forma natural. Es cierto que hay gente que le cuesta en principio y luego acaba &#8220;convertida&#8221;, pero no es lo habitual, as\u00ed como podr\u00eda acostumbrarme a ingerir aceite de ricino y acabar ingiriendo una taza diaria en ayunas.<\/p>\n<p style=\"text-align: justify;\">En Espa\u00f1a, el a\u00f1o pasado llegamos al 55% de \u00edndice de lectura.  Y por fin nos rozamos con la media europea. Pero es que ni en los pa\u00edses europeos considerados democracias ejemplares lee el noventa por ciento de la poblaci\u00f3n: se mueven en par\u00e1metros que oscilan entre el 70% y el 50%.<\/p>\n<p style=\"text-align: justify;\"><!--more--><\/p>\n<p style=\"text-align: justify;\">\u00bfEst\u00e1, como aseguran los editores, nuestra industria editorial en dificultades? <a href=\"http:\/\/www.europapress.es\/cultura\/noticia-espana-cada-vez-lee-mas-20090710181419.html\" target=\"_blank\">Veamos los n\u00fameros<\/a>: en Espa\u00f1a, la industria editorial mueve anualmente cerca de <strong>4.000 millones de euros<\/strong>, un 0,7% del PIB, y da empleo, directo e indirecto a m\u00e1s de 30.000 personas. A lo largo de 2008 editaron m\u00e1s de 240 millones de libros y m\u00e1s de 72.982 t\u00edtulos con una tirada media por ejemplar de m\u00e1s de 5.035.<\/p>\n<blockquote>\n<p style=\"text-align: justify;\">La responsable de la Asociaci\u00f3n de Libreros de Madrid y a su vez presidenta de la comisi\u00f3n organizadora de la Feria del Libro, Pilar Gallego, cifra las <strong>ca\u00eddas entre el 15 y el 20%<\/strong> respecto al a\u00f1o anterior.<\/p>\n<p style=\"text-align: justify;\"><a href=\"http:\/\/www.elmundo.es\/especiales\/2009\/05\/cultura\/feria_libro\/68_edicion.html\" target=\"_blank\">Feria del Libro de Madrid, 2009, en ElMundo.es<\/a><\/p>\n<\/blockquote>\n<p style=\"text-align: justify;\">Si me cobraran 15\u20ac por \u00faltimo <a href=\"https:\/\/escribocreativo.com\/blog\/2009\/07\/18\/amy-hempel-tiene-mucho-cuento\/\">el libro de Amy Hempel<\/a> en vez de los casi 24\u20ac que me cost\u00f3 -\u00a1en plena crisis!-, podr\u00eda ayudar. No es raro encontrar novelas en su primera edici\u00f3n, por lo general, sobre los 20\u20ac o m\u00e1s. Y hay que esperar m\u00e1s de seis meses -con suerte- para poder encontrar el mismo en edici\u00f3n de bolsillo&#8230; si es que lo editan. La industria quiere vender m\u00e1s, pero no rebaja los precios.<\/p>\n<p style=\"text-align: justify;\">Desde que tengo uso de raz\u00f3n -hace poco tiempo, y es intermitente-, no he conocido ni una campa\u00f1a nacional donde las editoriales hayan propuesto una rebaja del precio de los libros. \u00bfY ahora, en tiempos de crisis, quieren que el gobierno les apoye con medidas para reactivar la lectura?<\/p>\n<p style=\"text-align: justify;\">Los editores se mueren de hambre, parece, aunque es probable que la mayor parte de la tarta se la lleven las grandes editoriales (Planeta, Seix Barral, Anagrama, etc.) y las peque\u00f1as sean casi siempre proyectos arriesgados, apoyando, por lo general, otro tipo de literatura que no tiene cabida en las grandes editoriales.<\/p>\n<p style=\"text-align: justify;\">Con estas cifras de beneficios, estar\u00e1n frot\u00e1ndose las manos si pudieran llegar al 70% m\u00edtico de las grandes democracias europeas, como Suecia, que es  normalmente la que posee el mayor \u00edndice de lectura anual. Y lo digo porque es la propia industria editorial la que lanza esa idea -elitista- de que no se lee lo suficiente, una idea que va asociada a la imagen peyorativa de alguien inculto o analfabeto. La lectura es una llave que va asociada a otras, como d\u00f3nde se vive, la marca del coche y d\u00f3nde pasas las vacaciones -con la crisis, el s\u00f3lo hecho de poder irte ya da la opci\u00f3n de pasar de peque\u00f1oburgu\u00e9s a alta burgues\u00eda, por &#8220;la face&#8221;-. Y en ese llavero va nuestra imagen social. Cosas m\u00e1s tontas he escrito y le\u00eddo.<\/p>\n<p style=\"text-align: justify;\">\u00bfPodr\u00edamos pedirle tambi\u00e9n su parte de culpa  a las editoriales del nivel formativo de nuestros lectores? \u00bfQue les pregunten qui\u00e9n escribi\u00f3 tal o cual obra, o si tal o cual poeta es del siglo pasado o de este y acierten? Porque son ellas las que publicitan libros mediocres, sin m\u00e9rito literario alguno, basados en su consumo de masas. Qu\u00e9 puede aprender nadie de uno de estos ejemplares.<\/p>\n<p style=\"text-align: justify;\">La comparaci\u00f3n con los <em>programas basura<\/em> de la televisi\u00f3n es inevitable. Estos libros se leen y autom\u00e1ticamente pasan al olvido, y s\u00f3lo sirven para entrar en un c\u00edrculo vicioso de lecturas olvidables. Estas personas jam\u00e1s podr\u00e1n acceder a libros de mayor compromiso intelectual porque la dificultad de su lectura les hace preferir la f\u00e1cil. Es una ley natural: tendemos a las soluciones sencillas ante un determinado problema. Y si hablamos de ocio, se agudiza.<\/p>\n<p style=\"text-align: justify;\">No se trata de editar s\u00f3lo libros mediocres y en cantidades ingentes para llenar los bolsillos de las editoriales. Tambi\u00e9n debe existir un c\u00f3digo \u00e9tico y una formaci\u00f3n en los editores, que deben ser responsables de lo que publican y ser conscientes de su tarea did\u00e1ctica y pedag\u00f3gica. No me refiero s\u00f3lo a la divulgaci\u00f3n cient\u00edfica: la literatura de calidad y los autores j\u00f3venes y no consagrados que pueden dar un aire fresco y nuevo a la apuesta cl\u00e1sica y de esquemas repetitivos y facilones.<\/p>\n<p style=\"text-align: justify;\">A abandonar la promoci\u00f3n machacona de sus <em>autores de plantilla<\/em> y buscar espacios para otras literaturas, e informar de porqu\u00e9 se apuesta por ellos. De no buscar siempre el r\u00e9dito econ\u00f3mico, en definitiva, en favor de sus beneficios.<\/p>\n<p style=\"text-align: justify;\">Dejo estas preguntas como cierre del art\u00edculo:<\/p>\n<p style=\"text-align: justify;\">\u00bfCrees que hay <em>literatura basura<\/em> y literatura de calidad? \u00bfEs inculto alguien que no le gusta leer? \u00bfEs demag\u00f3gica esa idea de que en Espa\u00f1a no se lee lo suficiente? \u00bfTenemos el derecho de leer lo que queramos cuando nos plazca? \u00bfDeber\u00eda haber cursos de formaci\u00f3n de lectura en las bibliotecas p\u00fablicas? \u00bfTe parecen caros los libros?<\/p>\n<p style=\"text-align: justify;\">Y la pregunta del mill\u00f3n: \u00bfpor qu\u00e9 puede bajar el gas, la electricidad, el aceite o el pollo, y el libro, que es ocio, no baja de precio? \u00bfAcaso nos hemos  malcostumbrado a que sea un est\u00e1ndar?<\/p>\n<blockquote><p>No me gaste las palabras<br \/>\nno cambie el significado<br \/>\nmire que lo que yo quiero<br \/>\nlo tengo bastante claro<\/p>\n<p><strong>Mario Benedetti<\/strong><\/p><\/blockquote>\n<p style=\"text-align: center;\">\n<p style=\"text-align: center;\">[email_link]\n","protected":false},"excerpt":{"rendered":"<p>Esa idea tan manida de que la mayor\u00eda de la gente que no lee lo hace porque hay que esforzarse es una media verdad y, como tal, una mentira. La gente que no lee tendr\u00e1 mil razones para no hacerlo, y habr\u00e1 un porcentaje en el cual el esfuerzo sea un motivo suficiente para no hacerlo. Todos tenemos el derecho[&#8230;]<\/p>\n","protected":false},"author":1,"featured_media":0,"comment_status":"open","ping_status":"open","sticky":false,"template":"","format":"standard","meta":{"footnotes":""},"categories":[3608],"tags":[338,447,811,1015,1346,1923,1990],"class_list":["post-3400","post","type-post","status-publish","format-standard","hentry","category-literatura","tag-bibliotecas","tag-calidad","tag-cultura","tag-editoriales","tag-formacion","tag-lectura","tag-literatura-basura"],"_links":{"self":[{"href":"https:\/\/escribocreativo.com\/blog\/wp-json\/wp\/v2\/posts\/3400","targetHints":{"allow":["GET"]}}],"collection":[{"href":"https:\/\/escribocreativo.com\/blog\/wp-json\/wp\/v2\/posts"}],"about":[{"href":"https:\/\/escribocreativo.com\/blog\/wp-json\/wp\/v2\/types\/post"}],"author":[{"embeddable":true,"href":"https:\/\/escribocreativo.com\/blog\/wp-json\/wp\/v2\/users\/1"}],"replies":[{"embeddable":true,"href":"https:\/\/escribocreativo.com\/blog\/wp-json\/wp\/v2\/comments?post=3400"}],"version-history":[{"count":0,"href":"https:\/\/escribocreativo.com\/blog\/wp-json\/wp\/v2\/posts\/3400\/revisions"}],"wp:attachment":[{"href":"https:\/\/escribocreativo.com\/blog\/wp-json\/wp\/v2\/media?parent=3400"}],"wp:term":[{"taxonomy":"category","embeddable":true,"href":"https:\/\/escribocreativo.com\/blog\/wp-json\/wp\/v2\/categories?post=3400"},{"taxonomy":"post_tag","embeddable":true,"href":"https:\/\/escribocreativo.com\/blog\/wp-json\/wp\/v2\/tags?post=3400"}],"curies":[{"name":"wp","href":"https:\/\/api.w.org\/{rel}","templated":true}]}}