{"id":3498,"date":"2009-07-29T01:07:09","date_gmt":"2009-07-29T00:07:09","guid":{"rendered":"http:\/\/poesiamas.net\/blog\/?p=3498"},"modified":"2015-03-14T00:51:18","modified_gmt":"2015-03-14T00:51:18","slug":"y-un-futuro-terror","status":"publish","type":"post","link":"https:\/\/escribocreativo.com\/blog\/2009\/07\/29\/y-un-futuro-terror\/","title":{"rendered":"Y un futuro terror"},"content":{"rendered":"<p style=\"text-align: justify;\"><a href=\"https:\/\/escribocreativo.com\/blog\/wp-content\/uploads\/2009\/07\/mrnatural.jpg\"><img loading=\"lazy\" decoding=\"async\" class=\"alignleft size-medium wp-image-3499\" style=\"margin: 5px;\" title=\"mrnatural\" src=\"https:\/\/escribocreativo.com\/blog\/wp-content\/uploads\/2009\/07\/mrnatural-200x300.jpg\" alt=\"mrnatural\" width=\"200\" height=\"300\" \/><\/a>Te pasas una vida buscando un sue\u00f1o. Y un d\u00eda caes en la cuenta que no se cumplir\u00e1. Que ese talento que sospechabas que ten\u00eda era una imagen falsa de la realidad. Que son demasiado pocos los que consiguen su meta.<\/p>\n<p style=\"text-align: justify;\">Da igual el arte o actividad que desarrolles. Como yo trabajo mi escritura, me referir\u00e9 a ella porque es el campo del que tengo m\u00e1s referencias. Pero piensa en tu propia pasi\u00f3n: para muchos, su trabajo lo es.<\/p>\n<p style=\"text-align: justify;\">Durante un tiempo indeterminado trabajas para mejorar tu escritura; por lo general, no recuerdas el d\u00eda en que empezastes -sabes que muy pronto y con muchos pajaritos en la cabeza-, pero sigues en ello.<\/p>\n<p style=\"text-align: justify;\"><!--more--><\/p>\n<p style=\"text-align: justify;\">\u00bfQu\u00e9 ocurre si el camino se tuerce? \u00bfQu\u00e9 ocurre si, una ventosa tarde de mayo, llegas a la plena conciencia de que no tienes talento? Porque sabes reconocerlo, y puedes apostar que con unos cuantos p\u00e1rrafos sabes lo que puedes encontrar m\u00e1s adelante, la certeza se clava en lo hondo.<\/p>\n<p style=\"text-align: justify;\">Me pregunto, adem\u00e1s, porque no tengo respuestas, si habr\u00e1 gente que, consciente de su carencia, siga adelante. Que su necesidad vital sea tan imperiosa que no pueda apartar la idea de ver publicados, alg\u00fan d\u00eda,\u00a0 sus textos.<\/p>\n<p style=\"text-align: justify;\">\u00bfAcaso no deber\u00eda uno cerrar cap\u00edtulo? Siendo honestos, si hasta ese instante defend\u00edamos la calidad art\u00edstica, \u00bfde qu\u00e9 nos sirve el ego\u00edsmo de seguir adelante con una obra insuficiente?<\/p>\n<p style=\"text-align: justify;\">El l\u00edmite es el cielo, dice el poeta.<\/p>\n<p style=\"text-align: justify;\">Pero si uno apenas puede despegar los pies del cielo, tal vez no deba auparse al \u00faltimo pelda\u00f1o de la escalera con la falsa ilusi\u00f3n de estar m\u00e1s cerca de la luna.<\/p>\n<p style=\"text-align: justify;\">\u00bfQu\u00e9 hacer en una situaci\u00f3n como esa, da igual el talento que desees desarrollar en tu vida? Yo apagar\u00eda las luces del escritorio por un tiempo, hasta asumirlo. Retornar\u00eda a \u00e9l:  por las noches seguir\u00eda escribiendo con la excusa de que me es imposible parar.Y morir\u00edan las hojas en el mismo instante en que fueran creadas.<\/p>\n<p style=\"text-align: justify;\">La posibilidad es tan aterradora que mi mente\u00a0 la rechaza de plano. Al igual que uno rechaza morir en un accidente de tr\u00e1fico o de un infarto. \u00bfPero esas desgracias , te dir\u00e1s, no le suced\u00edan s\u00f3lo a los dem\u00e1s?<\/p>\n<p style=\"text-align: justify;\">Me pregunto que har\u00edas t\u00fa con el jarr\u00f3n azul a tus pies, hecho a\u00f1icos.<\/p>\n<blockquote>\n<p style=\"text-align: justify;\">Ser y no saber nada, y ser sin rumbo cierto,<br \/>\ny el temor de haber sido y un futuro terror&#8230;<\/p>\n<p style=\"text-align: justify;\"><em>Lo fatal<\/em>, Rub\u00e9n Dar\u00edo<\/p>\n<\/blockquote>\n<p style=\"text-align: center;\">[email_link]\n","protected":false},"excerpt":{"rendered":"<p>Te pasas una vida buscando un sue\u00f1o. Y un d\u00eda caes en la cuenta que no se cumplir\u00e1. Que ese talento que sospechabas que ten\u00eda era una imagen falsa de la realidad. Que son demasiado pocos los que consiguen su meta. Da igual el arte o actividad que desarrolles. Como yo trabajo mi escritura, me referir\u00e9 a ella porque es[&#8230;]<\/p>\n","protected":false},"author":1,"featured_media":0,"comment_status":"open","ping_status":"open","sticky":false,"template":"","format":"standard","meta":{"footnotes":""},"categories":[3608],"tags":[219,1384,3141,3174,3232],"class_list":["post-3498","post","type-post","status-publish","format-standard","hentry","category-literatura","tag-artista","tag-futuro","tag-suenos","tag-talento","tag-terror"],"_links":{"self":[{"href":"https:\/\/escribocreativo.com\/blog\/wp-json\/wp\/v2\/posts\/3498","targetHints":{"allow":["GET"]}}],"collection":[{"href":"https:\/\/escribocreativo.com\/blog\/wp-json\/wp\/v2\/posts"}],"about":[{"href":"https:\/\/escribocreativo.com\/blog\/wp-json\/wp\/v2\/types\/post"}],"author":[{"embeddable":true,"href":"https:\/\/escribocreativo.com\/blog\/wp-json\/wp\/v2\/users\/1"}],"replies":[{"embeddable":true,"href":"https:\/\/escribocreativo.com\/blog\/wp-json\/wp\/v2\/comments?post=3498"}],"version-history":[{"count":0,"href":"https:\/\/escribocreativo.com\/blog\/wp-json\/wp\/v2\/posts\/3498\/revisions"}],"wp:attachment":[{"href":"https:\/\/escribocreativo.com\/blog\/wp-json\/wp\/v2\/media?parent=3498"}],"wp:term":[{"taxonomy":"category","embeddable":true,"href":"https:\/\/escribocreativo.com\/blog\/wp-json\/wp\/v2\/categories?post=3498"},{"taxonomy":"post_tag","embeddable":true,"href":"https:\/\/escribocreativo.com\/blog\/wp-json\/wp\/v2\/tags?post=3498"}],"curies":[{"name":"wp","href":"https:\/\/api.w.org\/{rel}","templated":true}]}}