{"id":350,"date":"2008-10-08T05:03:14","date_gmt":"2008-10-08T12:03:14","guid":{"rendered":"http:\/\/poesiamas.net\/blog\/?p=350"},"modified":"2008-10-08T05:03:14","modified_gmt":"2008-10-08T12:03:14","slug":"los-operadores-no-deberan-vigilar-a-los-internautas","status":"publish","type":"post","link":"https:\/\/escribocreativo.com\/blog\/2008\/10\/08\/los-operadores-no-deberan-vigilar-a-los-internautas\/","title":{"rendered":"Los operadores no deber\u00e1n vigilar a los internautas"},"content":{"rendered":"<p style=\"text-align: center;\">\n<p>La Comisi\u00f3n Europea respald\u00f3 ayer el informe del Parlamento Europeo que descartaba &#8220;otorgar poder policial&#8221; a los operadores de Internet.<\/p>\n<p style=\"text-align: justify;\">El informe establece que &#8220;los operadores no pueden restringir el acceso de los internautas ni los derechos fundamentales de los ciudadanos sin una previa autorizaci\u00f3n judicial&#8221;. Seg\u00fan el portavoz de la comisi\u00f3n, Martin Selmayr, el texto constituye &#8220;una importante reafirmaci\u00f3n de los principios de orden jur\u00eddico de la UE&#8221;.<\/p>\n<p style=\"text-align: justify;\">\n<p style=\"text-align: justify;\">Veo, desde mi trono de la red, a los se\u00f1ores de la SGAE afil\u00e1ndose nerviosos las\u00a0u\u00f1as -en un s\u00edmil ir\u00f3nico y que no quiere ser irrespetuoso, lo digo por si me cae una demanda, \u00e9sto ya no es un s\u00edmil-, porque ya no pueden contar con las operadoras para controlar qui\u00e9n baja o deja de bajar, difundir d\u00f3nde hacerlo o bien opinar sobre la SGAE y sus pol\u00edticas.<\/p>\n<p style=\"text-align: justify;\">Aparte del asunto de los derechos de autor, hacer que el consumidor tenga que pagar un canon por consumir un producto es como un IVA sobre el IVA o un IGIC sobre el IGIC. Es decir, que aunque yo no compre discos, ni libros, si uso un reproductor mp3 para escuchar mis canciones debo pagar de m\u00e1s por el reproductor por si un d\u00eda escucho las canciones de un autor al que, previamente, le he comprado un disco.<\/p>\n<p style=\"text-align: justify;\">Es una cosa de locos. Bien por la Comisi\u00f3n Europea y bien por la libertad de expresi\u00f3n y la no regulaci\u00f3n de un espacio abierto y de libertad como queremos todos que sea la red. Cierto, le doy la raz\u00f3n, a veces hay quien lo\u00a0usa como deber\u00eda, pero tambi\u00e9n los asesinos en serie usan los cuchillos como no deber\u00edan.<br \/>\n<!--adsense--><\/p>\n","protected":false},"excerpt":{"rendered":"<p>La Comisi\u00f3n Europea respald\u00f3 ayer el informe del Parlamento Europeo que descartaba &#8220;otorgar poder policial&#8221; a los operadores de Internet. El informe establece que &#8220;los operadores no pueden restringir el acceso de los internautas ni los derechos fundamentales de los ciudadanos sin una previa autorizaci\u00f3n judicial&#8221;. Seg\u00fan el portavoz de la comisi\u00f3n, Martin Selmayr, el texto constituye &#8220;una importante reafirmaci\u00f3n[&#8230;]<\/p>\n","protected":false},"author":1,"featured_media":0,"comment_status":"open","ping_status":"open","sticky":false,"template":"","format":"standard","meta":{"footnotes":""},"categories":[3],"tags":[659,1251,1678,1679,2429,3041,3352,3369],"class_list":["post-350","post","type-post","status-publish","format-standard","hentry","category-web-20","tag-comision-europea","tag-exgae","tag-internautas","tag-internet","tag-operadoras","tag-sgae","tag-ue","tag-union-europea"],"_links":{"self":[{"href":"https:\/\/escribocreativo.com\/blog\/wp-json\/wp\/v2\/posts\/350","targetHints":{"allow":["GET"]}}],"collection":[{"href":"https:\/\/escribocreativo.com\/blog\/wp-json\/wp\/v2\/posts"}],"about":[{"href":"https:\/\/escribocreativo.com\/blog\/wp-json\/wp\/v2\/types\/post"}],"author":[{"embeddable":true,"href":"https:\/\/escribocreativo.com\/blog\/wp-json\/wp\/v2\/users\/1"}],"replies":[{"embeddable":true,"href":"https:\/\/escribocreativo.com\/blog\/wp-json\/wp\/v2\/comments?post=350"}],"version-history":[{"count":0,"href":"https:\/\/escribocreativo.com\/blog\/wp-json\/wp\/v2\/posts\/350\/revisions"}],"wp:attachment":[{"href":"https:\/\/escribocreativo.com\/blog\/wp-json\/wp\/v2\/media?parent=350"}],"wp:term":[{"taxonomy":"category","embeddable":true,"href":"https:\/\/escribocreativo.com\/blog\/wp-json\/wp\/v2\/categories?post=350"},{"taxonomy":"post_tag","embeddable":true,"href":"https:\/\/escribocreativo.com\/blog\/wp-json\/wp\/v2\/tags?post=350"}],"curies":[{"name":"wp","href":"https:\/\/api.w.org\/{rel}","templated":true}]}}