{"id":3570,"date":"2009-08-01T01:30:46","date_gmt":"2009-08-01T00:30:46","guid":{"rendered":"http:\/\/poesiamas.net\/blog\/?p=3570"},"modified":"2009-08-01T01:30:46","modified_gmt":"2009-08-01T00:30:46","slug":"es-la-red-conservadora","status":"publish","type":"post","link":"https:\/\/escribocreativo.com\/blog\/2009\/08\/01\/es-la-red-conservadora\/","title":{"rendered":"\u00bfEs la Red conservadora?"},"content":{"rendered":"<p style=\"text-align: justify;\"><a href=\"https:\/\/escribocreativo.com\/blog\/wp-content\/uploads\/2009\/08\/network_hierarchical_structure_12.jpg\"><img loading=\"lazy\" decoding=\"async\" class=\"alignleft size-medium wp-image-3571\" style=\"margin: 5px;\" title=\"network_hierarchical_structure_12\" src=\"https:\/\/escribocreativo.com\/blog\/wp-content\/uploads\/2009\/08\/network_hierarchical_structure_12-187x300.jpg\" alt=\"network_hierarchical_structure_12\" width=\"187\" height=\"300\" \/><\/a>\u00bfHay que reconstruir las redes sociales? \u00bfExiste una clara resistencia al cambio y al progreso en la Red? A priori, son dos preguntas que practicamente nadie se atrever\u00eda a responder con un s\u00ed. Internet tiene una imagen popular que se aleja de lo conservador. Pero existen voces disonantes.<\/p>\n<p style=\"text-align: justify;\"><a href=\"http:\/\/www.elpais.com\/articulo\/sociedad\/Adocenados\/Internet\/elpepusoc\/20090731elpepisoc_1\/Tes\" target=\"_blank\">Para el polit\u00f3logo Mayer-Sch\u00f6nberg la cuesti\u00f3n es clara<\/a>: la neutralidad en la red es un concepto importante para \u00e9l y sus colegas, asegura. Pero, adem\u00e1s, se hace necesaria una reconstrucci\u00f3n desde cero, y por completo, de las redes sociales. \u00bfPorqu\u00e9? Porque la Red tiene problemas con la innovaci\u00f3n.<\/p>\n<p style=\"text-align: justify;\"><strong>Esto podr\u00eda producir un adocinamiento, asegura, porque impide en la pr\u00e1ctica las rupturas radicales con el pensamiento inercial del grupo y que \u00e9stas entren en el sistema aunque sea para debatirlas en \u00e9l.<\/strong><\/p>\n<p style=\"text-align: justify;\"><!--more--><\/p>\n<p style=\"text-align: justify;\"><strong>Las masas son conservadoras por naturaleza<\/strong>, afirma, y la Red no ha cambiado la naturaleza humana. Por ejemplo, el <em>software<\/em> libre, o de c\u00f3digo abierto, es una forma nueva de crear programas. Sin embargo, estos proyectos suelen constar de unos pocos programadores y de muchos informantes o comentaristas, pero todos est\u00e1n conectados por una red social; <strong>y la arquitectura de las redes sociales no estimula la innovaci\u00f3n radical.<\/strong><\/p>\n<p style=\"text-align: justify;\">El problema es que las redes son un lugar donde cualquier usuario tiene un nexo directo con cualquier otro. <strong>Para estimular la diversidad se requiere, pues, una estructura m\u00e1s despejada<\/strong>. Sin embargo, el f\u00edsico Albert-L\u00e1szl\u00f3 Barab\u00e1si, de la Universidad de Notre Dame, ha mostrado que s\u00ed se pueden encontrar agujeros estructurales.<\/p>\n<p style=\"text-align: justify;\">Es interesante notar que Mayer-Sch\u00f6nberg no habla de innovaci\u00f3n en un sentido laxo del t\u00e9rmino: refuerza su mensaje con el adjetivo radical. Las redes sociales han sido un caldo de cultivo inmejorable para aplicar diversas teor\u00edas, que apuntan tanto a ciertas condiciones como sus contrarias (por ejemplo, entre otras, <a href=\"http:\/\/revista-redes.rediris.es\/html-vol1\/vol1_3.htm\" target=\"_blank\">la teor\u00eda de los agujeros estructurales de Burt<\/a> o la teor\u00eda de los lazos d\u00e9biles y fuertes de Granovetter).<\/p>\n<p style=\"text-align: justify;\">Mis preguntas finales para este art\u00edculo siguen siendo: \u00bfes la Red conservadora? \u00bfCrees que tus redes sociales son un lugar de mejora social o deben recorrer un largo camino todav\u00eda?<\/p>\n<p style=\"text-align: center;\">[email_link]\n<div id=\"_mcePaste\" style=\"overflow: hidden; position: absolute; left: -10000px; top: 697px; width: 1px; height: 1px;\"><span style=\"font-size: 10pt; font-family: Verdana;\">las redes personales se pueden gestionar, manipular, de forma que  nuestra posici\u00f3n conecte grupos desconectados, lo cual nos confiere m\u00e1s poder e  influencia, es decir, maximizar nuestra <em>betweenness<\/em>,  nuestra capacidad de ser puentes en la red, de conectar grupos solamente a  trav\u00e9s de nosotros.<\/span><\/div>\n","protected":false},"excerpt":{"rendered":"<p>\u00bfHay que reconstruir las redes sociales? \u00bfExiste una clara resistencia al cambio y al progreso en la Red? A priori, son dos preguntas que practicamente nadie se atrever\u00eda a responder con un s\u00ed. Internet tiene una imagen popular que se aleja de lo conservador. Pero existen voces disonantes. Para el polit\u00f3logo Mayer-Sch\u00f6nberg la cuesti\u00f3n es clara: la neutralidad en la[&#8230;]<\/p>\n","protected":false},"author":1,"featured_media":0,"comment_status":"open","ping_status":"open","sticky":false,"template":"","format":"standard","meta":{"footnotes":""},"categories":[3],"tags":[417,495,1469,2149,2809],"class_list":["post-3570","post","type-post","status-publish","format-standard","hentry","category-web-20","tag-burt","tag-caracteristicas","tag-granovetter","tag-mayer-schonberg","tag-redes-sociales"],"_links":{"self":[{"href":"https:\/\/escribocreativo.com\/blog\/wp-json\/wp\/v2\/posts\/3570","targetHints":{"allow":["GET"]}}],"collection":[{"href":"https:\/\/escribocreativo.com\/blog\/wp-json\/wp\/v2\/posts"}],"about":[{"href":"https:\/\/escribocreativo.com\/blog\/wp-json\/wp\/v2\/types\/post"}],"author":[{"embeddable":true,"href":"https:\/\/escribocreativo.com\/blog\/wp-json\/wp\/v2\/users\/1"}],"replies":[{"embeddable":true,"href":"https:\/\/escribocreativo.com\/blog\/wp-json\/wp\/v2\/comments?post=3570"}],"version-history":[{"count":0,"href":"https:\/\/escribocreativo.com\/blog\/wp-json\/wp\/v2\/posts\/3570\/revisions"}],"wp:attachment":[{"href":"https:\/\/escribocreativo.com\/blog\/wp-json\/wp\/v2\/media?parent=3570"}],"wp:term":[{"taxonomy":"category","embeddable":true,"href":"https:\/\/escribocreativo.com\/blog\/wp-json\/wp\/v2\/categories?post=3570"},{"taxonomy":"post_tag","embeddable":true,"href":"https:\/\/escribocreativo.com\/blog\/wp-json\/wp\/v2\/tags?post=3570"}],"curies":[{"name":"wp","href":"https:\/\/api.w.org\/{rel}","templated":true}]}}