{"id":3627,"date":"2009-08-02T14:55:26","date_gmt":"2009-08-02T13:55:26","guid":{"rendered":"http:\/\/poesiamas.net\/blog\/?p=3627"},"modified":"2009-08-02T14:55:26","modified_gmt":"2009-08-02T13:55:26","slug":"premio-al-amigo-de-internet","status":"publish","type":"post","link":"https:\/\/escribocreativo.com\/blog\/2009\/08\/02\/premio-al-amigo-de-internet\/","title":{"rendered":"Premio al amigo de internet"},"content":{"rendered":"<div style=\"text-align: justify;\"><span style=\"font-family: verdana;\"><a href=\"https:\/\/escribocreativo.com\/blog\/wp-content\/uploads\/2009\/08\/AMISTAD_DE_INTERNET.jpg\"><img loading=\"lazy\" decoding=\"async\" class=\"alignleft size-full wp-image-3628\" style=\"margin: 5px;\" title=\"AMISTAD_DE_INTERNET\" src=\"https:\/\/escribocreativo.com\/blog\/wp-content\/uploads\/2009\/08\/AMISTAD_DE_INTERNET.jpg\" alt=\"AMISTAD_DE_INTERNET\" width=\"164\" height=\"200\" \/><\/a>De nuestra amiga &#8220;<a href=\"http:\/\/solo-de-interes.blogspot.com\/2009\/08\/premio-al-amigo-de-internet_02.html\" target=\"_blank\">De inter\u00e9s<\/a>&#8221; he recibido este lindo premio del &#8220;Amig@ de Internet&#8221;.<\/span><\/div>\n<div><span style=\"font-family: verdana;\">Y estas son las normas de quien lo reciba:<br \/>\n1- Enlazar al blog que te lo entreg\u00f3.<br \/>\n2- Poner en tu blog las reglas.<br \/>\n3- Entregarlo a 6 amigos<br \/>\n4- Avisarle en su blog que tiene un premio.<br \/>\n5- contestar las preguntas siguientes.<!--more--><\/p>\n<p style=\"text-align: justify;\">Estamos aqu\u00ed reunidos para entregar este premio a seis amigos. El jurado ha deliberado durante horas y la decisi\u00f3n no ha sido f\u00e1cil. As\u00ed que con mucho cari\u00f1o concedo este premio &#8220;Amig@ de Internet&#8221; a:<\/p>\n<p><\/span><\/p>\n<ul>\n<li>Far\u00e1ndula: <a title=\"Blog sobre literatura de la poeta Patricia Mart\u00edn\" href=\"http:\/\/www.versoblanco.com\/\" target=\"_blank\">Verso Blanco <\/a><\/li>\n<li>Mertxe Pasamontes: <a title=\"Blog de Coaching, pensamiento positivo, etc. de Mertxe Pasamontes\" href=\"http:\/\/mertxepasamontes.wordpress.com\/\" target=\"_blank\">Atrapando sue\u00f1os<\/a><\/li>\n<li>Javier Casta\u00f1\u00f3n: <a href=\"http:\/\/javcasta.wordpress.com\/\" target=\"_blank\">El camello, el Leon y el ni\u00f1o. O la evoluci\u00f3n del perro al lobo<\/a><\/li>\n<li><span style=\"color: #000000;\"><span style=\"color: #000000;\"><span style=\"color: #000000;\"><span>Iv\u00e1n Adri\u00e1n Mart\u00ednez Ricarte: <\/span><\/span><\/span><\/span><a title=\"Blog sobre literatura y cr\u00edtica literaria\" href=\"http:\/\/www.librosyliteratura.es\/\" target=\"_blank\">Libros y Literatura<\/a><\/li>\n<li>Am\u00e9rica Garabote: <a href=\"http:\/\/americagarabote.blogia.com\/\" target=\"_blank\">Mery &#8211; Mi Rincon para Compartir<\/a><\/li>\n<\/ul>\n<ul>\n<li>\u00c1lvaro Boh\u00f3rquez Rivas: El blog de Bori<\/li>\n<\/ul>\n<p><span style=\"font-family: verdana;\"> <\/span><\/p>\n<p style=\"text-align: justify;\">a) <strong>Porqu\u00e9 te decidiste a tener un blog?<\/strong><br \/>\nPues porque es una forma de practicar la escritura cuando no estoy inspirado para la narrativa, y luego se fueron abriendo posibilidades: hablar de lo que me gusta, sentir curiosidad por todo un mundo nuevo y su configuraci\u00f3n como es el blog, expresar mi punto de vista.<br \/>\nb) <strong>Cu\u00e1nto hace que lo tienes?<\/strong><\/p>\n<\/div>\n<div><span style=\"font-family: verdana;\"> Pues como dice mi primer art\u00edculo, el 6 de junio de 2008. Vaya, he cumplido un a\u00f1o y dos meses, y yo sin enterarme.<br \/>\nc) <strong>Qu\u00e9 sentimientos tuviste a trav\u00e9s del mismo?<\/strong><\/span><\/div>\n<div><span style=\"font-family: verdana;\">Tiene un sospechoso punto de adicci\u00f3n, porque en la vida real uno calla mucho pero aqu\u00ed, como no te diriges a nadie en concreto, te sale la vena ir\u00f3nica sarc\u00e1stica y te lo pasas bomba.<br \/>\nd) <strong>Cosechaste muchos amigos?<\/strong><br \/>\nBueno, como la amistad es algo importante para m\u00ed, s\u00ed que puedo decir que he conocido mucha gente y que estoy abierto a que esas relaciones maduren y puedan llegar alg\u00fan dia a ser una amistad, aunque s\u00f3lo sea para tomar un caf\u00e9 y decirle lo poco que me gustan sus art\u00edculos o que le voto por puritita pena. \ud83d\udc7f<br \/>\n<\/span><\/div>\n<div><span style=\"font-family: verdana;\">e) <strong>Qu\u00e9 es la amistad para ti?<\/strong><br \/>\n<\/span><\/div>\n<div>La amistad es un sentimiento que nace entre dos personas en el que no hay dobleces ni conveniencias. Por eso es tan compleja.<\/div>\n<div><span style=\"font-family: verdana;\">f) <strong>Qu\u00e9 te gustar\u00eda decirle a una amiga hoy?<\/strong><br \/>\nAyer vino una gran amiga a saludarme y justo me dijo que hab\u00eda fallecido su hermano. Y le dije lo que ten\u00eda que decirle: que contara con mi apoyo y ya esta semana la llamo a ver qu\u00e9 tal anda.<br \/>\n<\/span><\/div>\n<div style=\"text-align: justify;\"><span style=\"font-family: verdana;\">g) <strong>Qu\u00e9 esperas de una amistad?<br \/>\n<\/strong>No espero demasiado de nada porque luego las expectativas superan con creces la realidad. Que surja de forma natural ser\u00eda un buen comienzo.<\/span><\/div>\n<blockquote>\n<div style=\"text-align: justify;\"><span style=\"font-size: x-small;\"><span style=\"font-family: verdana;\">Amigo m\u00edo, tengo tanta necesidad de tu amistad. Tengo sed de un compa\u00f1ero que respete en m\u00ed, por encima de los litigios de la raz\u00f3n, el peregrino de aquel fuego. A veces tengo necesidad de gustar por adelantado el calor prometido, y descansar, m\u00e1s all\u00e1 de m\u00ed mismo, en esa cita que ser\u00e1 la nuestra.Hallo la paz. M\u00e1s all\u00e1 de mis palabras torpes, m\u00e1s all\u00e1 de los razonamientos que me pueden enga\u00f1ar, t\u00fa consideras en m\u00ed, simplemente al Hombre, t\u00fa honras en m\u00ed al embajador de creencias, de costumbres, de amores particulares. Si difiero de ti, lejos de menoscabarte te engrandezco. Me interrogas como se interroga al viajero,Yo, que como todos, experimento la necesidad de ser reconocido, me siento puro en ti y voy hacia ti. Tengo necesidad de ir all\u00ed donde soy puro. Jam\u00e1s han sido mis f\u00f3rmulas ni mis andanzas las que te informaron acerca de lo que soy, sino que la aceptaci\u00f3n de quien soy te ha hechonecesariamente indulgente para con esas andanzas y esas f\u00f3rmulas. Te estoy agradecido porque me recibes tal como soy. \u00bfQu\u00e9 he de hacer con un amigo que me juzga?Si todav\u00eda combato, combatir\u00e9 un poco por ti. Tengo necesidad de ti. Tengo necesidad de ayudarte a vivir.<\/span><\/span><\/div>\n<div><span style=\"font-size: x-small;\"><br \/>\n<span style=\"font-family: verdana;\"><em>Amigo m\u00edo<\/em>. Antoine De Saint-Exup\u00e9ry<\/span><\/span><\/div>\n<\/blockquote>\n<p style=\"text-align: center;\">[email_link]\n","protected":false},"excerpt":{"rendered":"<p>De nuestra amiga &#8220;De inter\u00e9s&#8221; he recibido este lindo premio del &#8220;Amig@ de Internet&#8221;. Y estas son las normas de quien lo reciba: 1- Enlazar al blog que te lo entreg\u00f3. 2- Poner en tu blog las reglas. 3- Entregarlo a 6 amigos 4- Avisarle en su blog que tiene un premio. 5- contestar las preguntas siguientes.<\/p>\n","protected":false},"author":1,"featured_media":0,"comment_status":"open","ping_status":"open","sticky":false,"template":"","format":"standard","meta":{"footnotes":""},"categories":[3],"tags":[156,1679,2676],"class_list":["post-3627","post","type-post","status-publish","format-standard","hentry","category-web-20","tag-amistad","tag-internet","tag-premio"],"_links":{"self":[{"href":"https:\/\/escribocreativo.com\/blog\/wp-json\/wp\/v2\/posts\/3627","targetHints":{"allow":["GET"]}}],"collection":[{"href":"https:\/\/escribocreativo.com\/blog\/wp-json\/wp\/v2\/posts"}],"about":[{"href":"https:\/\/escribocreativo.com\/blog\/wp-json\/wp\/v2\/types\/post"}],"author":[{"embeddable":true,"href":"https:\/\/escribocreativo.com\/blog\/wp-json\/wp\/v2\/users\/1"}],"replies":[{"embeddable":true,"href":"https:\/\/escribocreativo.com\/blog\/wp-json\/wp\/v2\/comments?post=3627"}],"version-history":[{"count":0,"href":"https:\/\/escribocreativo.com\/blog\/wp-json\/wp\/v2\/posts\/3627\/revisions"}],"wp:attachment":[{"href":"https:\/\/escribocreativo.com\/blog\/wp-json\/wp\/v2\/media?parent=3627"}],"wp:term":[{"taxonomy":"category","embeddable":true,"href":"https:\/\/escribocreativo.com\/blog\/wp-json\/wp\/v2\/categories?post=3627"},{"taxonomy":"post_tag","embeddable":true,"href":"https:\/\/escribocreativo.com\/blog\/wp-json\/wp\/v2\/tags?post=3627"}],"curies":[{"name":"wp","href":"https:\/\/api.w.org\/{rel}","templated":true}]}}