{"id":3700,"date":"2009-08-05T13:15:54","date_gmt":"2009-08-05T12:15:54","guid":{"rendered":"http:\/\/poesiamas.net\/blog\/?p=3700"},"modified":"2015-03-11T13:55:39","modified_gmt":"2015-03-11T13:55:39","slug":"alguien-se-baja-cine-espanol","status":"publish","type":"post","link":"https:\/\/escribocreativo.com\/blog\/2009\/08\/05\/alguien-se-baja-cine-espanol\/","title":{"rendered":"\u00bfAlguien se baja cine espa\u00f1ol?"},"content":{"rendered":"<p style=\"text-align: justify;\"><a href=\"https:\/\/escribocreativo.com\/blog\/wp-content\/uploads\/2009\/08\/cine-ticket-cuando.jpg\"><img loading=\"lazy\" decoding=\"async\" class=\"alignleft size-medium wp-image-3701\" style=\"margin: 5px;\" title=\"cine-ticket-cuando\" src=\"https:\/\/escribocreativo.com\/blog\/wp-content\/uploads\/2009\/08\/cine-ticket-cuando-247x300.jpg\" alt=\"cine-ticket-cuando\" width=\"247\" height=\"300\" \/><\/a>El cr\u00edtico de cine\u00a0 Carlos Pumares habla en su videoblog sobre la SGAE, la pirater\u00eda y el cine espa\u00f1ol.<\/p>\n<p style=\"text-align: justify;\">C\u00f3mo se echan de menos sus programas de cine en la radio -su fant\u00e1stico <em>Polvo de estrellas-, <\/em>aunque sea para que diga que &#8220;\u00a1estoy hasta los cojones de que me pregunten por el monolito&#8221;! \ud83d\ude00<\/p>\n<p style=\"text-align: justify;\">No siempre compart\u00eda su juicio sobre las pel\u00edculas y a\u00fan menos el trato a algunos oyentes, con los que llegaba a ser s\u00e1dico.<\/p>\n<p style=\"text-align: justify;\">-Me encanta el cine europeo pero no veo casi espa\u00f1ol -dice el oyente en antena.<\/p>\n<p style=\"text-align: justify;\">-\u00bfQu\u00e9 cine europeo ve usted?<\/p>\n<p style=\"text-align: justify;\">-bla bla bla&#8230;<\/p>\n<p style=\"text-align: justify;\">-\u00bfY Espa\u00f1a d\u00f3nde est\u00e1?<\/p>\n<p style=\"text-align: justify;\">-bla bla bla&#8230;<\/p>\n<p style=\"text-align: justify;\">-\u00a1Pues entonces usted no ve cine europeo!<\/p>\n<p style=\"text-align: justify;\"><!--more--><\/p>\n<p style=\"text-align: justify;\">La dej\u00f3 k.o., a la pobre. Buen cr\u00edtico, pero le fallaba el trato personal, aunque fue una de las razones por las que cosechaba tanta audiencia: su espont\u00e1nea y desmedida mala leche.<\/p>\n<p style=\"text-align: justify;\">Y, a continuaci\u00f3n, las &#8220;perlas&#8221; de Pumares en este v\u00eddeo de su videoblog. Las comparto, esta vez s\u00ed, todas:<\/p>\n<blockquote>\n<p style=\"text-align: justify;\">1 Aquello de que todos somos inocentes hasta que se demuestre lo contrario, el gobierno <strong>opina<\/strong> que todos somos culpables <strong>incluso aunque demostremos<\/strong> que somos inocentes.<\/p>\n<p style=\"text-align: justify;\">2 Echar la culpa de la crisis a la pirater\u00eda o al <em>top manta<\/em> me parece un poco desagradable:<\/p>\n<p style=\"text-align: justify;\">3 No, no no. El que compra en el <em>top manta<\/em> o el que la baja&#8230; \u00a1\u00a1no la iba a ir a comprar!! \ud83d\ude00<\/p>\n<p style=\"text-align: justify;\">4 \u00bfUstedes ven en el <em>top manta<\/em> cine espa\u00f1ol? \u00bfUstedes bajan pel\u00edculas espa\u00f1olas? Eso dec\u00edan en la gala de los Goya.  \ud83d\udc7f  \ud83d\ude00<\/p>\n<\/blockquote>\n<p style=\"text-align: justify;\">Es mucho m\u00e1s divertido verlo: <a href=\"http:\/\/blogs.hoycinema.com\/pumares\/post\/2009\/03\/24\/sobre-pirateraaa-y-crisis-el-cine-espaaaol-aapero-es\" target=\"_blank\">El videoblog  de Carlos Pumares <\/a> \ud83d\ude00<\/p>\n<p style=\"text-align: center;\">[email_link]\n","protected":false},"excerpt":{"rendered":"<p>El cr\u00edtico de cine\u00a0 Carlos Pumares habla en su videoblog sobre la SGAE, la pirater\u00eda y el cine espa\u00f1ol. C\u00f3mo se echan de menos sus programas de cine en la radio -su fant\u00e1stico Polvo de estrellas-, aunque sea para que diga que &#8220;\u00a1estoy hasta los cojones de que me pregunten por el monolito&#8221;! \ud83d\ude00 No siempre compart\u00eda su juicio sobre[&#8230;]<\/p>\n","protected":false},"author":1,"featured_media":0,"comment_status":"open","ping_status":"open","sticky":false,"template":"","format":"standard","meta":{"footnotes":""},"categories":[10],"tags":[477,508,603,880,3041,3297],"class_list":["post-3700","post","type-post","status-publish","format-standard","hentry","category-la-ciudad-reflexiva","tag-canon","tag-carlos-pumares","tag-cine-espanol","tag-descargas","tag-sgae","tag-top-manta"],"_links":{"self":[{"href":"https:\/\/escribocreativo.com\/blog\/wp-json\/wp\/v2\/posts\/3700","targetHints":{"allow":["GET"]}}],"collection":[{"href":"https:\/\/escribocreativo.com\/blog\/wp-json\/wp\/v2\/posts"}],"about":[{"href":"https:\/\/escribocreativo.com\/blog\/wp-json\/wp\/v2\/types\/post"}],"author":[{"embeddable":true,"href":"https:\/\/escribocreativo.com\/blog\/wp-json\/wp\/v2\/users\/1"}],"replies":[{"embeddable":true,"href":"https:\/\/escribocreativo.com\/blog\/wp-json\/wp\/v2\/comments?post=3700"}],"version-history":[{"count":0,"href":"https:\/\/escribocreativo.com\/blog\/wp-json\/wp\/v2\/posts\/3700\/revisions"}],"wp:attachment":[{"href":"https:\/\/escribocreativo.com\/blog\/wp-json\/wp\/v2\/media?parent=3700"}],"wp:term":[{"taxonomy":"category","embeddable":true,"href":"https:\/\/escribocreativo.com\/blog\/wp-json\/wp\/v2\/categories?post=3700"},{"taxonomy":"post_tag","embeddable":true,"href":"https:\/\/escribocreativo.com\/blog\/wp-json\/wp\/v2\/tags?post=3700"}],"curies":[{"name":"wp","href":"https:\/\/api.w.org\/{rel}","templated":true}]}}