{"id":3964,"date":"2009-08-14T14:22:08","date_gmt":"2009-08-14T13:22:08","guid":{"rendered":"http:\/\/poesiamas.net\/blog\/?p=3964"},"modified":"2015-03-11T13:55:38","modified_gmt":"2015-03-11T13:55:38","slug":"tres-fotos-de-mi-entorno-canario","status":"publish","type":"post","link":"https:\/\/escribocreativo.com\/blog\/2009\/08\/14\/tres-fotos-de-mi-entorno-canario\/","title":{"rendered":"Tres fotos de mi entorno canario"},"content":{"rendered":"<p style=\"text-align: justify;\">A propuesta de <strong>Jose<\/strong>, de Cristal escrito, he sacado tres fotos sobre mi entorno. Dos de la zona de San Crist\u00f3bal: la primera, el famoso &#8220;Castillo&#8221;, que\u00a0 como se puede ver se conserva en perfecto estado de ruina. La siguiente, justo a su derecha, con la marea baja. Es una de las zonas de Las Palmas que m\u00e1s me relaja. Y, por \u00faltimo la playa de las Alcaravaneras, siguiendo el recorrido en bicicleta desde San Crist\u00f3bal al Puerto de La Luz. Me gusta hacer ese recorrido porque el mar me relaja. Y esa es la raz\u00f3n de estas tres fotos. \u00a1Un saludo! <!--more--><\/p>\n<p><a href=\"https:\/\/escribocreativo.com\/blog\/wp-content\/uploads\/2009\/08\/sancrist\u00f3balmareabaja.jpg\"><img loading=\"lazy\" decoding=\"async\" class=\"aligncenter size-medium wp-image-3965\" title=\"sancrist\u00f3balmareabaja\" src=\"https:\/\/escribocreativo.com\/blog\/wp-content\/uploads\/2009\/08\/sancrist\u00f3balmareabaja-300x225.jpg\" alt=\"sancrist\u00f3balmareabaja\" width=\"381\" height=\"281\" \/><\/a><\/p>\n<p><a href=\"https:\/\/escribocreativo.com\/blog\/wp-content\/uploads\/2009\/08\/playaalcaravaneras.jpg\"><img loading=\"lazy\" decoding=\"async\" class=\"aligncenter size-medium wp-image-3966\" title=\"playaalcaravaneras\" src=\"https:\/\/escribocreativo.com\/blog\/wp-content\/uploads\/2009\/08\/playaalcaravaneras-300x225.jpg\" alt=\"playaalcaravaneras\" width=\"386\" height=\"289\" \/><\/a><br \/>\nP.d.: he perdido la foto del castillo, pero intentar\u00e9 a\u00f1adirla en breve. \ud83d\ude00<\/p>\n<p style=\"text-align: center;\">[email_link]\n","protected":false},"excerpt":{"rendered":"<p>A propuesta de Jose, de Cristal escrito, he sacado tres fotos sobre mi entorno. Dos de la zona de San Crist\u00f3bal: la primera, el famoso &#8220;Castillo&#8221;, que\u00a0 como se puede ver se conserva en perfecto estado de ruina. La siguiente, justo a su derecha, con la marea baja. Es una de las zonas de Las Palmas que m\u00e1s me relaja.[&#8230;]<\/p>\n","protected":false},"author":1,"featured_media":0,"comment_status":"open","ping_status":"open","sticky":false,"template":"","format":"standard","meta":{"footnotes":""},"categories":[10],"tags":[114,1350,1465,1905,2955],"class_list":["post-3964","post","type-post","status-publish","format-standard","hentry","category-la-ciudad-reflexiva","tag-alcaravaneras","tag-fotos","tag-gran-canaria","tag-las-palmas","tag-san-cristobal"],"_links":{"self":[{"href":"https:\/\/escribocreativo.com\/blog\/wp-json\/wp\/v2\/posts\/3964","targetHints":{"allow":["GET"]}}],"collection":[{"href":"https:\/\/escribocreativo.com\/blog\/wp-json\/wp\/v2\/posts"}],"about":[{"href":"https:\/\/escribocreativo.com\/blog\/wp-json\/wp\/v2\/types\/post"}],"author":[{"embeddable":true,"href":"https:\/\/escribocreativo.com\/blog\/wp-json\/wp\/v2\/users\/1"}],"replies":[{"embeddable":true,"href":"https:\/\/escribocreativo.com\/blog\/wp-json\/wp\/v2\/comments?post=3964"}],"version-history":[{"count":0,"href":"https:\/\/escribocreativo.com\/blog\/wp-json\/wp\/v2\/posts\/3964\/revisions"}],"wp:attachment":[{"href":"https:\/\/escribocreativo.com\/blog\/wp-json\/wp\/v2\/media?parent=3964"}],"wp:term":[{"taxonomy":"category","embeddable":true,"href":"https:\/\/escribocreativo.com\/blog\/wp-json\/wp\/v2\/categories?post=3964"},{"taxonomy":"post_tag","embeddable":true,"href":"https:\/\/escribocreativo.com\/blog\/wp-json\/wp\/v2\/tags?post=3964"}],"curies":[{"name":"wp","href":"https:\/\/api.w.org\/{rel}","templated":true}]}}