{"id":3975,"date":"2009-08-14T19:52:02","date_gmt":"2009-08-14T18:52:02","guid":{"rendered":"http:\/\/poesiamas.net\/blog\/?p=3975"},"modified":"2009-08-14T19:52:02","modified_gmt":"2009-08-14T18:52:02","slug":"mi-generacion-es-una-puta-mierda","status":"publish","type":"post","link":"https:\/\/escribocreativo.com\/blog\/2009\/08\/14\/mi-generacion-es-una-puta-mierda\/","title":{"rendered":"Mi generaci\u00f3n es una puta mierda"},"content":{"rendered":"<p style=\"text-align: justify;\"><a href=\"https:\/\/escribocreativo.com\/blog\/wp-content\/uploads\/2009\/08\/it.jpg\"><img loading=\"lazy\" decoding=\"async\" class=\"alignleft size-full wp-image-3976\" style=\"margin: 5px;\" title=\"it\" src=\"https:\/\/escribocreativo.com\/blog\/wp-content\/uploads\/2009\/08\/it.jpg\" alt=\"it\" width=\"238\" height=\"300\" \/><\/a>Qu\u00e9 asco de generaci\u00f3n de treinta\u00f1eros. No me siento en absoluto representado por ella. Conozco a mucha gente que da asco. A fin de cuentas, somos animales, y el mundo es nuestra granja. Es sencillo que nazca gente con taras., m\u00e1s conocidos como tarados.<\/p>\n<p style=\"text-align: justify;\">Si ya me dan n\u00e1useas escuchar sus preocupaciones -me han despedido, \u00bfdoctor me manda un ansiol\u00edtico?-, \u00bfc\u00f3mo esperas que escuche sus conversaciones?<\/p>\n<p style=\"text-align: justify;\">Esta generaci\u00f3n de treinta\u00f1eros puede ser una de las peores de la historia. No hablo de genios puntuales, sino de la masa. Los l\u00edderes musicales eran Janis Joplin, Jimmy Hendrix o Joan Manuel Serrat -por decir tres que empiecen por J, como mi nombre-. Ahora son los 40 principales y Amy Winehouse. Esta generaci\u00f3n de mierda ha sustituido al artista por un producto.<\/p>\n<p style=\"text-align: center;\">[youtube]ZL4oJ5wKTY4[\/youtube]\n<p style=\"text-align: center;\"><!--more--><\/p>\n<p style=\"text-align: justify;\">Los veo ap\u00e1ticos y sin ideales. No quieren luchar por nada. Por llenar la nevera, buscar un trabajo y meter la polla en el mayor n\u00famero de chochitos posible. Eso s\u00ed, en cuanto se ennovian, es para toda la vida, si ella no los deja antes. \u00bfY ellas? Bueno, no me hagas re\u00edr. Encontrar una mujer preocupada m\u00e1s all\u00e1 de si tiene que comprarse tres vestidos nuevos o qui\u00e9n es Annie Leibovitz es para pedir el regreso de <em>\u00bfQui\u00e9n sabe d\u00f3nde?,<\/em> a ver si Lobat\u00f3n encuentra las otras.<\/p>\n<p style=\"text-align: justify;\">Mira que he visto reportajes: \u00bfse imagina alguien <strong>a esta<\/strong> generaci\u00f3n en pelotas, resbalando por el charco, en Woodstock? No: en el FIB,\u00a0 en Benicassim, que hay cerveza y tiendas de campa\u00f1a para follar con las hippies. T\u00edo, \u00a1qu\u00e9 de puta madre me lo pas\u00e9! \u00bfY ma\u00f1ana? Na, t\u00edo, qu\u00e9 putada, ma\u00f1ana al curro y tal.<\/p>\n<p style=\"text-align: justify;\">\u00bfNo te dan ganas de cortarte las putas venas?<\/p>\n<p style=\"text-align: justify;\">No, a m\u00ed tambi\u00e9n me cargan los vanguardistas intelectuales. Esos que llevan cortes a lo Beatle, gafas de pasta y conocen a los modistas m\u00e1s <em>in<\/em> de Nueva York, o los nuevos valores literarios costaricenses o, m\u00e1s simple a\u00fan, al curador de la nueva galer\u00eda de futuras promesas del <em>performance<\/em>.<\/p>\n<p style=\"text-align: justify;\">No es que mi generaci\u00f3n no est\u00e9 interesada por la cultura: es que el nivel m\u00e1ximo al que podemos aspirar es encontrar una masa de compradores del Marca. M\u00e1s all\u00e1 de eso, se nos dispara la gr\u00e1fica. Hacia arriba, van al teatro, tienen una formaci\u00f3n cultural interesante y leen libros fuera del circuito de &#8220;Los m\u00e1s vendidos de El Corte Ingl\u00e9s&#8221;. Los otros, no leen, directamente.<\/p>\n<p style=\"text-align: justify;\">No leer es un s\u00edntoma. Una vez o\u00ed a Antonio Gala decir: &#8220;Si viene un joven y me dice: oiga, yo no he querido estudiar, le responder\u00eda: pues te jodes, y ahora no vengas a llorar.&#8221; Todav\u00eda hay gente en mi generaci\u00f3n que disfruta de la mediocridad, y la apoya. &#8220;Lo importante no es c\u00f3mo se dice, o si tiene errores de ortograf\u00eda, \u00a1es el contenido!&#8221; \u00bfPero a esta gente d\u00f3nde le dan de comer? Pues en las granjas.<\/p>\n<p style=\"text-align: justify;\">Es tal la presi\u00f3n del engranaje econ\u00f3mico que les han ido distribuyendo una papilla, como la que le dan a los pollos del Kentucky Fried Chiken -compuesto de sus propias mierdas y pienso-,\u00a0 y se la toman. Es el <em>soma<\/em> de <em>Un mundo feliz<\/em>, de Houxley. Spielberg dicen que prepara una versi\u00f3n de\u00a0 la novela y por lo visto de <em>Ghost in the Shell<\/em>. \u00bfSe imaginan menuda <strong>mierda <\/strong>tiene que salir de todo eso?<\/p>\n<p style=\"text-align: justify;\">Es tal la adoraci\u00f3n de la cultura del momento -\u00bfqu\u00e9 es esa mierda de vivir el momento? Para echar un <strong>buen polvo<\/strong> se necesita <strong>tiempo<\/strong>&#8211; que les sube la ansiedad y no se dan cuenta. \u00bfPero es que no tienes inter\u00e9s por NADA? \u00bfY todo ese mundo abierto, inmenso, que tienes ah\u00ed afuera? \u00bfPorqu\u00e9 sales a pasear <strong>a centros comerciales<\/strong>? \u00bfTe has preguntado lo <strong>in\u00fatil<\/strong> que puedes llegar a ser?<\/p>\n<p style=\"text-align: justify;\">Tengo un amigo que no visita un centro comercial &#8211;<em>El muelle<\/em>&#8211; en Las Palmas. La mayor\u00eda dice que es una gilipollez. Yo digo lo que dice \u00e9l: que deber\u00eda ser ilegal, puesto que elimin\u00f3 una vista hist\u00f3rica de esa zona, es decir, contamina la est\u00e9tica del paisaje, y no tiene sentido un edificio como ese en un lugar donde antes los ni\u00f1os pod\u00edan ver los barcos y parte del puerto.<\/p>\n<p style=\"text-align: justify;\">Una amiga cont\u00f3 una vez que le gustar\u00eda irse en coche a recorrer EE.UU., y la tacharon de loca. A nadie le interes\u00f3. No hace falta que supieran qui\u00e9n fue Kerouac, porque yo mismo no tengo ni puta idea de arte. Pero la sola idea de la emancipaci\u00f3n les parec\u00eda demasiado esfuerzo. \u00a1No me muevas de la comodidad de mi entorno, que me da miedo!<\/p>\n<p style=\"text-align: justify;\">\u00bfHay manifestaciones, revoluciones ideol\u00f3gicas? El puto estado de placidez del consumo de bienes los tiene mamados, jodidos, y todav\u00eda no lo saben. Y no me vengas con lo de que t\u00fa no eres parte del tinglado. \u00a1Claro que eres parte! \u00a1Como yo! \u00a1Viva la inacci\u00f3n!<\/p>\n<p style=\"text-align: justify;\">Una puta generaci\u00f3n de mierda, perdida, joder. Y yo en medio. Que vuelvan las cartillas de racionamiento por unos meses, que se iban a cagar.<\/p>\n<p style=\"text-align: justify;\">P.D.: dejo de escribir porque me estoy empezando a cabrear, pero me reservo el derecho a editar y seguir con el art\u00edculo cuando se me pase.<\/p>\n<p style=\"text-align: center;\">[email_link]\n","protected":false},"excerpt":{"rendered":"<p>Qu\u00e9 asco de generaci\u00f3n de treinta\u00f1eros. No me siento en absoluto representado por ella. Conozco a mucha gente que da asco. A fin de cuentas, somos animales, y el mundo es nuestra granja. Es sencillo que nazca gente con taras., m\u00e1s conocidos como tarados. Si ya me dan n\u00e1useas escuchar sus preocupaciones -me han despedido, \u00bfdoctor me manda un ansiol\u00edtico?-,[&#8230;]<\/p>\n","protected":false},"author":1,"featured_media":0,"comment_status":"open","ping_status":"open","sticky":false,"template":"","format":"standard","meta":{"footnotes":""},"categories":[10],"tags":[1409,2210,3319],"class_list":["post-3975","post","type-post","status-publish","format-standard","hentry","category-la-ciudad-reflexiva","tag-generacion","tag-mierda","tag-treintaneros"],"_links":{"self":[{"href":"https:\/\/escribocreativo.com\/blog\/wp-json\/wp\/v2\/posts\/3975","targetHints":{"allow":["GET"]}}],"collection":[{"href":"https:\/\/escribocreativo.com\/blog\/wp-json\/wp\/v2\/posts"}],"about":[{"href":"https:\/\/escribocreativo.com\/blog\/wp-json\/wp\/v2\/types\/post"}],"author":[{"embeddable":true,"href":"https:\/\/escribocreativo.com\/blog\/wp-json\/wp\/v2\/users\/1"}],"replies":[{"embeddable":true,"href":"https:\/\/escribocreativo.com\/blog\/wp-json\/wp\/v2\/comments?post=3975"}],"version-history":[{"count":0,"href":"https:\/\/escribocreativo.com\/blog\/wp-json\/wp\/v2\/posts\/3975\/revisions"}],"wp:attachment":[{"href":"https:\/\/escribocreativo.com\/blog\/wp-json\/wp\/v2\/media?parent=3975"}],"wp:term":[{"taxonomy":"category","embeddable":true,"href":"https:\/\/escribocreativo.com\/blog\/wp-json\/wp\/v2\/categories?post=3975"},{"taxonomy":"post_tag","embeddable":true,"href":"https:\/\/escribocreativo.com\/blog\/wp-json\/wp\/v2\/tags?post=3975"}],"curies":[{"name":"wp","href":"https:\/\/api.w.org\/{rel}","templated":true}]}}