{"id":4026,"date":"2009-08-18T14:58:01","date_gmt":"2009-08-18T13:58:01","guid":{"rendered":"http:\/\/poesiamas.net\/blog\/?p=4026"},"modified":"2009-08-18T14:58:01","modified_gmt":"2009-08-18T13:58:01","slug":"momento-trascendente","status":"publish","type":"post","link":"https:\/\/escribocreativo.com\/blog\/2009\/08\/18\/momento-trascendente\/","title":{"rendered":"Momento trascendente"},"content":{"rendered":"<h3 style=\"text-align: justify;\"><a href=\"https:\/\/escribocreativo.com\/blog\/wp-content\/uploads\/2009\/08\/angeldemonio.jpg\"><img loading=\"lazy\" decoding=\"async\" class=\"aligncenter size-medium wp-image-4028\" title=\"angeldemonio\" src=\"https:\/\/escribocreativo.com\/blog\/wp-content\/uploads\/2009\/08\/angeldemonio-237x300.jpg\" alt=\"angeldemonio\" width=\"237\" height=\"300\" \/><\/a><\/h3>\n<blockquote>\n<h3 style=\"text-align: justify;\">Una vida para hacer lo que nos plazca, y el l\u00edmite son los miedos fantabulosos;<\/h3>\n<h3 style=\"text-align: justify;\">ideas preconcebidas, conjeturas, visiones,<\/h3>\n<h3 style=\"text-align: justify;\">de tal forma que podr\u00eda decirse que<\/h3>\n<h3 style=\"text-align: justify;\">sufrimos una guerra a coraz\u00f3n abierto<\/h3>\n<h3 style=\"text-align: justify;\">contra nuestra imaginaci\u00f3n desbordante.<\/h3>\n<\/blockquote>\n<p style=\"text-align: center;\">\n<p style=\"text-align: center;\">[email_link]\n","protected":false},"excerpt":{"rendered":"<p>Una vida para hacer lo que nos plazca, y el l\u00edmite son los miedos fantabulosos; ideas preconcebidas, conjeturas, visiones, de tal forma que podr\u00eda decirse que sufrimos una guerra a coraz\u00f3n abierto contra nuestra imaginaci\u00f3n desbordante. [email_link]<\/p>\n","protected":false},"author":1,"featured_media":0,"comment_status":"open","ping_status":"open","sticky":false,"template":"","format":"standard","meta":{"footnotes":""},"categories":[10],"tags":[1607,1623,1976,3314,3424],"class_list":["post-4026","post","type-post","status-publish","format-standard","hentry","category-la-ciudad-reflexiva","tag-ideas","tag-imaginacion","tag-limites","tag-trascendente","tag-vida"],"_links":{"self":[{"href":"https:\/\/escribocreativo.com\/blog\/wp-json\/wp\/v2\/posts\/4026","targetHints":{"allow":["GET"]}}],"collection":[{"href":"https:\/\/escribocreativo.com\/blog\/wp-json\/wp\/v2\/posts"}],"about":[{"href":"https:\/\/escribocreativo.com\/blog\/wp-json\/wp\/v2\/types\/post"}],"author":[{"embeddable":true,"href":"https:\/\/escribocreativo.com\/blog\/wp-json\/wp\/v2\/users\/1"}],"replies":[{"embeddable":true,"href":"https:\/\/escribocreativo.com\/blog\/wp-json\/wp\/v2\/comments?post=4026"}],"version-history":[{"count":0,"href":"https:\/\/escribocreativo.com\/blog\/wp-json\/wp\/v2\/posts\/4026\/revisions"}],"wp:attachment":[{"href":"https:\/\/escribocreativo.com\/blog\/wp-json\/wp\/v2\/media?parent=4026"}],"wp:term":[{"taxonomy":"category","embeddable":true,"href":"https:\/\/escribocreativo.com\/blog\/wp-json\/wp\/v2\/categories?post=4026"},{"taxonomy":"post_tag","embeddable":true,"href":"https:\/\/escribocreativo.com\/blog\/wp-json\/wp\/v2\/tags?post=4026"}],"curies":[{"name":"wp","href":"https:\/\/api.w.org\/{rel}","templated":true}]}}