{"id":4066,"date":"2009-08-20T09:00:15","date_gmt":"2009-08-20T08:00:15","guid":{"rendered":"http:\/\/poesiamas.net\/blog\/?p=4066"},"modified":"2015-03-11T13:55:38","modified_gmt":"2015-03-11T13:55:38","slug":"pero-que-hermosa-es-mi-tierra","status":"publish","type":"post","link":"https:\/\/escribocreativo.com\/blog\/2009\/08\/20\/pero-que-hermosa-es-mi-tierra\/","title":{"rendered":"Pero qu\u00e9 hermosa es mi tierra: la m\u00fasica (I)"},"content":{"rendered":"<p style=\"text-align: justify;\"><script type=\"text\/javascript\">\/\/ <![CDATA[\n\/\/ <![CDATA[         document.write(TODAY);\n\/\/ ]]><\/script><\/p>\n<p style=\"text-align: justify;\">En <strong>Gran Canaria<\/strong>, las pocas cosas que hacemos nos gusta hacerlas a lo grande, por aquello de que somos peque\u00f1itos. Esta es una peque\u00f1a muestra.\u00a0 \ud83d\ude00<\/p>\n<p style=\"text-align: center;\"><strong>Clase Magistral del <a href=\"http:\/\/es.wikipedia.org\/wiki\/Alfredo_Kraus_Trujillo\" target=\"_blank\">Maestro<\/a> a J\u00f3venes con talento:<\/strong><\/p>\n<p style=\"text-align: center;\">&#8220;Mal d\u00eda escog\u00ed para dejar de fumar.&#8221;<br \/>\n<object classid=\"clsid:d27cdb6e-ae6d-11cf-96b8-444553540000\" width=\"425\" height=\"344\" codebase=\"http:\/\/download.macromedia.com\/pub\/shockwave\/cabs\/flash\/swflash.cab#version=6,0,40,0\"><param name=\"allowFullScreen\" value=\"true\" \/><param name=\"allowscriptaccess\" value=\"always\" \/><param name=\"src\" value=\"http:\/\/www.youtube.com\/v\/NxZIHIHO0DA&amp;hl=es&amp;fs=1&amp;color1=0x006699&amp;color2=0x54abd6\" \/><param name=\"allowfullscreen\" value=\"true\" \/><embed type=\"application\/x-shockwave-flash\" width=\"425\" height=\"344\" src=\"http:\/\/www.youtube.com\/v\/NxZIHIHO0DA&amp;hl=es&amp;fs=1&amp;color1=0x006699&amp;color2=0x54abd6\" allowscriptaccess=\"always\" allowfullscreen=\"true\"><\/embed><\/object><\/p>\n<p style=\"text-align: justify;\"><!--more--><\/p>\n<p style=\"text-align: center;\">Se\u00f1oras y se\u00f1ores, con todos ustedes, desde Gran Canaria,<\/p>\n<p style=\"text-align: center;\">o mejor, desde el cielo de Gran Canaria,<\/p>\n<p style=\"text-align: center;\"><strong>El Maestro<\/strong>, <a href=\"http:\/\/www.weblaopera.com\/articulos\/arti14.htm\" target=\"_blank\">el mejor tenor l\u00edrico-ligero de todos los tiempos<\/a>, en plenitud.<\/p>\n<p style=\"text-align: center;\"><object classid=\"clsid:d27cdb6e-ae6d-11cf-96b8-444553540000\" width=\"425\" height=\"344\" codebase=\"http:\/\/download.macromedia.com\/pub\/shockwave\/cabs\/flash\/swflash.cab#version=6,0,40,0\"><param name=\"allowFullScreen\" value=\"true\" \/><param name=\"allowscriptaccess\" value=\"always\" \/><param name=\"src\" value=\"http:\/\/www.youtube.com\/v\/PwMC2u3ClL8&amp;hl=es&amp;fs=1&amp;color1=0x006699&amp;color2=0x54abd6\" \/><param name=\"allowfullscreen\" value=\"true\" \/><embed type=\"application\/x-shockwave-flash\" width=\"425\" height=\"344\" src=\"http:\/\/www.youtube.com\/v\/PwMC2u3ClL8&amp;hl=es&amp;fs=1&amp;color1=0x006699&amp;color2=0x54abd6\" allowscriptaccess=\"always\" allowfullscreen=\"true\"><\/embed><\/object><\/p>\n<p style=\"text-align: center;\">:emotion:  \ud83d\ude2e  :p<\/p>\n<p style=\"text-align: center;\">clap, clap, clap&#8230;<\/p>\n<p style=\"text-align: justify;\">Cuando los Tres Tenores (Pavarotti, Carreras y Pl\u00e1cido Domingo, tres genios) cantaron en la ceremonia de las Olimpiadas de Barcelona&#8217;92, todo el mundo estaba expectante. Eran famosas las cr\u00edticas veladas de <a href=\"http:\/\/alfredokraus.espacioblog.com\/\" target=\"_blank\">Kraus<\/a>[blog] al uso de elementos electr\u00f3nicos para la voz, as\u00ed como su idea de la \u00f3pera para recintos adecuados, alejado del <em>show business<\/em>. <a href=\"http:\/\/www.elpais.com\/articulo\/cultura\/CARRERAS\/_JOSe_\/TENOR\/KRAUS\/_ALFREDO_\/oPERA\/Kraus\/asegura\/vengara\/veto\/Carreras\/elpepicul\/19920128elpepicul_2\/Tes\/\" target=\"_blank\">Carreras vet\u00f3 a Kraus en la ceremonia<\/a>.<\/p>\n<blockquote>\n<p style=\"text-align: justify;\">&#8220;La decisi\u00f3n estoy seguro de que parti\u00f3 de Carreras&#8221;, dijo Kraus, &#8220;y de que todos se sumaron. Y me dijeron que me retractara de mis declaraciones sobre el concierto de las Termas de Caracalla, y que despu\u00e9s de publicada esa retractaci\u00f3n me admitir\u00edan en la inauguraci\u00f3n. \u00c9sa fue la condici\u00f3n que se puso&#8221;.<\/p>\n<\/blockquote>\n<p style=\"text-align: justify;\">Pero al final cant\u00f3: era dejar a uno de los m\u00e1s grandes de la historia fuera del mayor acontecimiento del pa\u00eds. Y Don Alfredo se apunt\u00f3 un tanto, pensar\u00e1n ustedes. No, se <strong>anot\u00f3 dos:<\/strong> porque <strong>la cr\u00edtica fue un\u00e1nime aquel d\u00eda.<\/strong> <strong>El Maestro, dijeron, hab\u00eda dado una lecci\u00f3n de canto al Olimpo del <em>Bel Canto<\/em>, Los Tres Tenores. \ud83d\ude00<\/strong><\/p>\n<h2 style=\"text-align: center;\"><strong>Por toda la escuadra, Maestro, <\/strong><\/h2>\n<h2 style=\"text-align: center;\"><strong>por toda la escuadra.<\/strong><\/h2>\n<p style=\"text-align: center;\"><object classid=\"clsid:d27cdb6e-ae6d-11cf-96b8-444553540000\" width=\"425\" height=\"344\" codebase=\"http:\/\/download.macromedia.com\/pub\/shockwave\/cabs\/flash\/swflash.cab#version=6,0,40,0\"><param name=\"allowFullScreen\" value=\"true\" \/><param name=\"allowscriptaccess\" value=\"always\" \/><param name=\"src\" value=\"http:\/\/www.youtube.com\/v\/pRrFI7O5WAQ&amp;hl=es&amp;fs=1&amp;color1=0x006699&amp;color2=0x54abd6\" \/><param name=\"allowfullscreen\" value=\"true\" \/><embed type=\"application\/x-shockwave-flash\" width=\"425\" height=\"344\" src=\"http:\/\/www.youtube.com\/v\/pRrFI7O5WAQ&amp;hl=es&amp;fs=1&amp;color1=0x006699&amp;color2=0x54abd6\" allowscriptaccess=\"always\" allowfullscreen=\"true\"><\/embed><\/object><\/p>\n<blockquote style=\"text-align: justify;\"><p>Hay hombres que luchan un d\u00eda y son buenos. Hay otros que luchan un a\u00f1o y son mejores. Hay quienes luchan muchos a\u00f1os y son muy buenos. Pero hay los que luchan toda la vida: esos son los imprescindibles<\/p>\n<p style=\"text-align: justify;\">Bertolt Brecht<\/p>\n<\/blockquote>\n<p style=\"text-align: center;\">[email_link]\n","protected":false},"excerpt":{"rendered":"<p>En Gran Canaria, las pocas cosas que hacemos nos gusta hacerlas a lo grande, por aquello de que somos peque\u00f1itos. Esta es una peque\u00f1a muestra.\u00a0 \ud83d\ude00 Clase Magistral del Maestro a J\u00f3venes con talento: &#8220;Mal d\u00eda escog\u00ed para dejar de fumar.&#8221;<\/p>\n","protected":false},"author":1,"featured_media":0,"comment_status":"open","ping_status":"open","sticky":false,"template":"","format":"standard","meta":{"footnotes":""},"categories":[10],"tags":[129,290,2061,2428],"class_list":["post-4066","post","type-post","status-publish","format-standard","hentry","category-la-ciudad-reflexiva","tag-alfredo-kraus","tag-barcelona-92","tag-maestro","tag-opera"],"_links":{"self":[{"href":"https:\/\/escribocreativo.com\/blog\/wp-json\/wp\/v2\/posts\/4066","targetHints":{"allow":["GET"]}}],"collection":[{"href":"https:\/\/escribocreativo.com\/blog\/wp-json\/wp\/v2\/posts"}],"about":[{"href":"https:\/\/escribocreativo.com\/blog\/wp-json\/wp\/v2\/types\/post"}],"author":[{"embeddable":true,"href":"https:\/\/escribocreativo.com\/blog\/wp-json\/wp\/v2\/users\/1"}],"replies":[{"embeddable":true,"href":"https:\/\/escribocreativo.com\/blog\/wp-json\/wp\/v2\/comments?post=4066"}],"version-history":[{"count":0,"href":"https:\/\/escribocreativo.com\/blog\/wp-json\/wp\/v2\/posts\/4066\/revisions"}],"wp:attachment":[{"href":"https:\/\/escribocreativo.com\/blog\/wp-json\/wp\/v2\/media?parent=4066"}],"wp:term":[{"taxonomy":"category","embeddable":true,"href":"https:\/\/escribocreativo.com\/blog\/wp-json\/wp\/v2\/categories?post=4066"},{"taxonomy":"post_tag","embeddable":true,"href":"https:\/\/escribocreativo.com\/blog\/wp-json\/wp\/v2\/tags?post=4066"}],"curies":[{"name":"wp","href":"https:\/\/api.w.org\/{rel}","templated":true}]}}