{"id":4071,"date":"2009-08-20T13:10:40","date_gmt":"2009-08-20T12:10:40","guid":{"rendered":"http:\/\/poesiamas.net\/blog\/?p=4071"},"modified":"2015-03-11T13:55:38","modified_gmt":"2015-03-11T13:55:38","slug":"pero-que-hermosa-es-mi-tierra-la-musica-ii","status":"publish","type":"post","link":"https:\/\/escribocreativo.com\/blog\/2009\/08\/20\/pero-que-hermosa-es-mi-tierra-la-musica-ii\/","title":{"rendered":"Pero qu\u00e9 hermosa es mi tierra: la m\u00fasica (II)"},"content":{"rendered":"<p style=\"text-align: center;\"><a href=\"https:\/\/escribocreativo.com\/blog\/wp-content\/uploads\/2009\/08\/PuertoMogan3.jpg\"><img loading=\"lazy\" decoding=\"async\" class=\"size-full wp-image-4072 alignnone\" title=\"PuertoMogan3\" src=\"https:\/\/escribocreativo.com\/blog\/wp-content\/uploads\/2009\/08\/PuertoMogan3.jpg\" alt=\"PuertoMogan3\" width=\"420\" height=\"315\" \/><\/a><\/p>\n<p style=\"text-align: justify;\">La diferencia entre regresar a tu tierra en avi\u00f3n o en barco es abismal. Si es a una isla, la diferencia es a\u00fan mayor. En barco, te puedes acercar a la proa.<\/p>\n<p style=\"text-align: justify;\">A ritmo lento, tu isla va comi\u00e9ndose el horizonte. Ves la escasa altura de su orograf\u00eda; y te da por pensar que, si soplas muy fuerte, vas a derribar todas esas casas que aparecen all\u00e1 al fondo.<\/p>\n<p style=\"text-align: justify;\">La certeza de pertenecer a un lugar hace acto de presencia; y a la brisa del amanecer, como el soldado que regresa de la guerra, te preguntas por el sentimiento tan profundo que te ata a lo que no parece vivo: al pic\u00f3n, a la lava, a la tierra roja; la arcilla, la arena, la ladera y la laja; el drago y la laurisilva, y al lagarto inm\u00f3vil en la roca; y el sol; el mar, la mar.<\/p>\n<p style=\"text-align: justify;\"><!--more--><\/p>\n<p style=\"text-align: justify;\">\u00bfDe verdad que est\u00e1n ausentes de vida? \u00bfY entonces, porqu\u00e9, al recordar este canto, mis ojos se empa\u00f1an, y apoyado en la barandilla, si estiro el brazo, parece que puedo alcanzar este pedazo de tierra rodeado de mar por todas partes menos por una, que la une a m\u00ed?<\/p>\n<p style=\"text-align: center;\"><object classid=\"clsid:d27cdb6e-ae6d-11cf-96b8-444553540000\" width=\"425\" height=\"344\" codebase=\"http:\/\/download.macromedia.com\/pub\/shockwave\/cabs\/flash\/swflash.cab#version=6,0,40,0\"><param name=\"allowFullScreen\" value=\"true\" \/><param name=\"allowscriptaccess\" value=\"always\" \/><param name=\"src\" value=\"http:\/\/www.youtube.com\/v\/7wDbygxDhHU&amp;hl=es&amp;fs=1&amp;color1=0x006699&amp;color2=0x54abd6\" \/><param name=\"allowfullscreen\" value=\"true\" \/><embed type=\"application\/x-shockwave-flash\" width=\"425\" height=\"344\" src=\"http:\/\/www.youtube.com\/v\/7wDbygxDhHU&amp;hl=es&amp;fs=1&amp;color1=0x006699&amp;color2=0x54abd6\" allowscriptaccess=\"always\" allowfullscreen=\"true\"><\/embed><\/object><\/p>\n<p style=\"text-align: center;\"><span>Te llevo en el coraz\u00f3n,<br \/>\nte amo con el alma,<br \/>\nvivir en ti es mi raz\u00f3n<br \/>\n\u00a1Ay mi Gran Canaria!<\/span><\/p>\n<p style=\"text-align: center;\">En los poros de mi piel,<br \/>\ndentro, en las entra\u00f1as,<br \/>\neres mi raz\u00f3n de ser<br \/>\n\u00a1Ay mi Gran Canaria!<\/p>\n<p style=\"text-align: center;\">Formas parte del total<br \/>\nde siete esmeraldas,<br \/>\nen ti me quiero quedar<br \/>\n\u00a1Ay mi Gran Canaria!<\/p>\n<p style=\"text-align: center;\">Y si tu ausencia est\u00e1 en m\u00ed,<br \/>\nmis ojos se empa\u00f1an<br \/>\ncuando me acuerdo de ti<br \/>\n\u00a1Ay mi Gran Canaria!<\/p>\n<p style=\"text-align: center;\">Una roca, un coraz\u00f3n<br \/>\ncon el fuego de la lava,<br \/>\ny el Atl\u00e1ntico pone canci\u00f3n<br \/>\ncuando va a besar tu playa,<br \/>\nmar sangre y roca pasi\u00f3n,<br \/>\nmi querida Gran Canaria.<\/p>\n<p style=\"text-align: center;\">[email_link]\n","protected":false},"excerpt":{"rendered":"<p>La diferencia entre regresar a tu tierra en avi\u00f3n o en barco es abismal. Si es a una isla, la diferencia es a\u00fan mayor. En barco, te puedes acercar a la proa. A ritmo lento, tu isla va comi\u00e9ndose el horizonte. Ves la escasa altura de su orograf\u00eda; y te da por pensar que, si soplas muy fuerte, vas a[&#8230;]<\/p>\n","protected":false},"author":1,"featured_media":0,"comment_status":"open","ping_status":"open","sticky":false,"template":"","format":"standard","meta":{"footnotes":""},"categories":[10],"tags":[1465,2015],"class_list":["post-4071","post","type-post","status-publish","format-standard","hentry","category-la-ciudad-reflexiva","tag-gran-canaria","tag-los-gofiones"],"_links":{"self":[{"href":"https:\/\/escribocreativo.com\/blog\/wp-json\/wp\/v2\/posts\/4071","targetHints":{"allow":["GET"]}}],"collection":[{"href":"https:\/\/escribocreativo.com\/blog\/wp-json\/wp\/v2\/posts"}],"about":[{"href":"https:\/\/escribocreativo.com\/blog\/wp-json\/wp\/v2\/types\/post"}],"author":[{"embeddable":true,"href":"https:\/\/escribocreativo.com\/blog\/wp-json\/wp\/v2\/users\/1"}],"replies":[{"embeddable":true,"href":"https:\/\/escribocreativo.com\/blog\/wp-json\/wp\/v2\/comments?post=4071"}],"version-history":[{"count":0,"href":"https:\/\/escribocreativo.com\/blog\/wp-json\/wp\/v2\/posts\/4071\/revisions"}],"wp:attachment":[{"href":"https:\/\/escribocreativo.com\/blog\/wp-json\/wp\/v2\/media?parent=4071"}],"wp:term":[{"taxonomy":"category","embeddable":true,"href":"https:\/\/escribocreativo.com\/blog\/wp-json\/wp\/v2\/categories?post=4071"},{"taxonomy":"post_tag","embeddable":true,"href":"https:\/\/escribocreativo.com\/blog\/wp-json\/wp\/v2\/tags?post=4071"}],"curies":[{"name":"wp","href":"https:\/\/api.w.org\/{rel}","templated":true}]}}