{"id":4110,"date":"2009-08-23T19:17:13","date_gmt":"2009-08-23T18:17:13","guid":{"rendered":"http:\/\/poesiamas.net\/blog\/?p=4110"},"modified":"2015-03-14T00:51:16","modified_gmt":"2015-03-14T00:51:16","slug":"es-pobre-la-blogosfera-espanola-escritores-contra-blogs","status":"publish","type":"post","link":"https:\/\/escribocreativo.com\/blog\/2009\/08\/23\/es-pobre-la-blogosfera-espanola-escritores-contra-blogs\/","title":{"rendered":"\u00bfEs pobre la blogosfera? Escritores contra blogs"},"content":{"rendered":"<p style=\"text-align: justify;\"><a href=\"https:\/\/escribocreativo.com\/blog\/wp-content\/uploads\/2009\/08\/typewriter.jpg\"><img loading=\"lazy\" decoding=\"async\" class=\"alignleft size-full wp-image-4111\" style=\"margin: 5px;\" title=\"typewriter\" src=\"https:\/\/escribocreativo.com\/blog\/wp-content\/uploads\/2009\/08\/typewriter.jpg\" alt=\"typewriter\" width=\"240\" height=\"201\" \/><\/a>\u00bfSon los blogs el callej\u00f3n oscuro donde transita una escritura mediocre? Como <a href=\"http:\/\/www.elpais.com\/articulo\/portada\/region\/ocultamente\/furibunda\/elpepusoceps\/20081214elpepspor_2\/Tes\" target=\"_blank\">Javier Mar\u00edas<\/a>, escrib\u00eda con una <em>Olympus<\/em> hasta que los ordenadores las erradicaron. Y, como Mar\u00edas, encuentro un poco de todo.<\/p>\n<blockquote style=\"text-align: justify;\">\n<p style=\"text-align: justify;\">Amparados en el anonimato cobarde de los llamados\u00a0<em>nicks<\/em>, no hay asunto que no les merezca a unos cuantos\u00a0blogueros toda suerte de improperios. Hay en este mundo, o eso parece, una desproporcionada cantidad de odiadores, o ll\u00e1menlos negativistas, resentidos, amargados, venados. No tantos en los\u00a0<em>blogs<\/em> o foros en ingl\u00e9s.<\/p>\n<\/blockquote>\n<p style=\"text-align: justify;\">Otorg\u00e1ndole gran parte de raz\u00f3n -objetivamente hablando, coincido en que los blogs en ingl\u00e9s son m\u00e1s civilizados, pero es cierto que nuestro car\u00e1cter mediterr\u00e1neo es m\u00e1s racial y menos <em>polite<\/em>-, me pregunto si tiene raz\u00f3n en lo siguiente:<\/p>\n<blockquote style=\"text-align: justify;\">\n<p style=\"text-align: justify;\">No entiendo que tantos escritores tengan un\u00a0<em>blog <\/em>propio y le dediquen, por fuerza, numerosas horas de su tiempo, porque me parece equivalente a esto: uno va a un bar, se sienta a una mesa y habla de lo que sea, y a continuaci\u00f3n est\u00e1 expuesto a que\u00a0<em>cualquiera <\/em>coja una silla y le suelte a su vez su rollo o -con demasiada frecuencia- sus imprecaciones.<\/p>\n<\/blockquote>\n<p style=\"text-align: justify;\"><!--more--><\/p>\n<p style=\"text-align: justify;\">Por otro lado, <a href=\"http:\/\/www.elpais.com\/articulo\/semana\/Vargas\/Llosa\/Marias\/utopia\/arcaica\/elpepuculbab\/20090822elpbabese_1\/Tes\" target=\"_blank\">Vargas Llosa es defensor a ultranza<\/a> de la escritura en papel:<\/p>\n<blockquote style=\"text-align: justify;\">\n<p style=\"text-align: justify;\">Infunde un respeto casi religioso al escritor. [&#8230;]\u00a0<strong>La gran amenaza son las m\u00e1quinas que puedan acabar con el libro. No sabemos qu\u00e9 va a pasar con ese desaf\u00edo para la literatura que es la pantalla.<\/strong><\/p>\n<\/blockquote>\n<p style=\"text-align: justify;\">Que existan defensores de la cultura del libro dentro del gremio de escritores no es sorprendente. Los avances cient\u00edficos siempre han sido aceptados con cautela y muchos traspi\u00e9s, y m\u00e1s cuando pretend\u00edan desplazar h\u00e1bitos sociales establecidos: la costumbre es poderosa.<\/p>\n<p style=\"text-align: justify;\">Pero no son las primeras voces que hablan de la mediocridad de la escritura que se hace en los blogs. En \u00e1mbitos universitarios, no son pocos los que afirman que, al no haber regulaci\u00f3n acad\u00e9mica -no hay una diplomatura en blogs, por ejemplo-, el uso del lenguaje y la creaci\u00f3n de ficci\u00f3n son pobres, cuando no mediocres. En general, cualquiera, sin saber redactar, puede escribir en su propio blog. Y este aumento de blogueros sin conocimientos b\u00e1sicos sobre escritura empobrece la blogosfera.<\/p>\n<p style=\"text-align: justify;\">Un catedr\u00e1tico universitario de Teor\u00eda Literaria me dec\u00eda: &#8220;No pierda el tiempo. No publique usted poes\u00eda en internet&#8230; pero mucho menos, la lea, porque no va a encontrar sino mediocridad. Escriba de verdad, e intente publicar. El esfuerzo de preocuparse por lo que escribe le har\u00e1 mejor poeta&#8221;.<\/p>\n<p style=\"text-align: justify;\">Esta argumentaci\u00f3n parece tener cierta l\u00f3gica&#8230; \u00bfO no? Veamos. La inmediatez de la escritura en el blog y la facilidad de acceder a publicar en uno contrasta con lo complicado de editar \u00a0(se rechazan el 90% de los manuscritos) o de un trabajo que requiera una destreza con la escritura. Sin embargo, <a href=\"http:\/\/cuaderno.josesaramago.org\/\" target=\"_blank\">Saramago, en su blog<\/a>, ha explicado que le pone id\u00e9ntico mimo a sus art\u00edculos que \u00a0a sus novelas. Y, tal vez por la misma idea de Mar\u00edas, tiene cerrados los comentarios.<\/p>\n<p style=\"text-align: justify;\">Lo que antes permanec\u00eda oculto en un papel, ahora puede salir a la luz en ausencia de burocracia inc\u00f3moda. Esto, necesariamente, aumenta el descontrol: la no tutorizaci\u00f3n de los contenidos por una revisi\u00f3n adecuada. Y esta circunstancia baja la calidad media de forma radical. En el <em>ancha es Castilla<\/em> no se tiende al mimo, sino a la despreocupaci\u00f3n.<\/p>\n<p style=\"text-align: justify;\">Sin embargo, como en todo g\u00e9nero, es muy probable que salgan a la luz bloggers de prestigio en Espa\u00f1a, que sean un espejo y marquen una l\u00ednea de calidad. En Espa\u00f1a, tengo conciencia -quiz\u00e1s incorrecta porque no me disperso lo suficiente- de que existe una l\u00ednea muy difusa entre los que tienen una expresi\u00f3n pobre, una exposici\u00f3n enrevesada o una estructuraci\u00f3n confusa, a los que cometen errores de puntuaci\u00f3n y ortograf\u00eda de forma continuada. El resto, los exquisitos, digamos, son una amplia minor\u00eda.<\/p>\n<p style=\"text-align: justify;\"><strong>Conclusiones y enigmas<\/strong><\/p>\n<p style=\"text-align: justify;\">Me quedo tranquilo pensando que las viejas glorias vivas de la literatura comparten -o comparto yo con ellos- esta idea, que se acerca cada vez m\u00e1s a una quimera, de la continuidad del libro como formato de lectura y expresi\u00f3n.<\/p>\n<p style=\"text-align: justify;\">En cuanto a los blogs, la blogosfera en Espa\u00f1a me da la sensaci\u00f3n de que a\u00fan es embrionaria, y que el tiempo ir\u00e1 acomodando y regulando. Habr\u00e1 que esperar a estudios serios de blogosfera por pa\u00edses y del an\u00e1lisis medio de su calidad expresiva, el cuidado del lenguaje y su nivel de generar opini\u00f3n y debate de calidad.<\/p>\n<p style=\"text-align: justify;\">\u00bfPorqu\u00e9 no va a aspirar Espa\u00f1a, con un lenguaje rico y claramente filos\u00f3fico, adecuado por tanto para el argumento y la reflexi\u00f3n, a poseer una blogosfera de calidad? Puede y <strong>debe<\/strong>. Pero desde la propia regulaci\u00f3n y el establecimiento de unos niveles de calidad que <strong>deben nacer de una masa lectora exigente y preocupada<\/strong>, al igual que \u00e9sta se lo exige a peri\u00f3dicos digitales como El Pa\u00eds, El Mundo o el ABC.<\/p>\n<p style=\"text-align: justify;\"><strong>Aspirando a la excelencia<\/strong>, en definitiva.<\/p>\n<p style=\"text-align: justify;\">\u00bfEst\u00e1s de acuerdo? \u00bfO tu perspectiva es que la blogosfera espa\u00f1ola no es pobre? \u00bfCrees que Javier Mar\u00edas y Vargas Llosa tienen argumentos arcaicos? Me interesa much\u00edsimo tu opini\u00f3n en este tema en concreto. Me preparo un caf\u00e9 y vuelvo. \u00a0 \ud83d\ude00<\/p>\n<p style=\"text-align: center;\">[email_link]\n","protected":false},"excerpt":{"rendered":"<p>\u00bfSon los blogs el callej\u00f3n oscuro donde transita una escritura mediocre? Como Javier Mar\u00edas, escrib\u00eda con una Olympus hasta que los ordenadores las erradicaron. Y, como Mar\u00edas, encuentro un poco de todo. Amparados en el anonimato cobarde de los llamados\u00a0nicks, no hay asunto que no les merezca a unos cuantos\u00a0blogueros toda suerte de improperios. Hay en este mundo, o eso[&#8230;]<\/p>\n","protected":false},"author":1,"featured_media":0,"comment_status":"open","ping_status":"open","sticky":false,"template":"","format":"standard","meta":{"footnotes":""},"categories":[3608],"tags":[368,447,1183,1725,1989,3390],"class_list":["post-4110","post","type-post","status-publish","format-standard","hentry","category-literatura","tag-blogs","tag-calidad","tag-escritura-creativa","tag-javier-marias","tag-la-ciudad-y-las-letras","tag-vargas-llosa"],"_links":{"self":[{"href":"https:\/\/escribocreativo.com\/blog\/wp-json\/wp\/v2\/posts\/4110","targetHints":{"allow":["GET"]}}],"collection":[{"href":"https:\/\/escribocreativo.com\/blog\/wp-json\/wp\/v2\/posts"}],"about":[{"href":"https:\/\/escribocreativo.com\/blog\/wp-json\/wp\/v2\/types\/post"}],"author":[{"embeddable":true,"href":"https:\/\/escribocreativo.com\/blog\/wp-json\/wp\/v2\/users\/1"}],"replies":[{"embeddable":true,"href":"https:\/\/escribocreativo.com\/blog\/wp-json\/wp\/v2\/comments?post=4110"}],"version-history":[{"count":0,"href":"https:\/\/escribocreativo.com\/blog\/wp-json\/wp\/v2\/posts\/4110\/revisions"}],"wp:attachment":[{"href":"https:\/\/escribocreativo.com\/blog\/wp-json\/wp\/v2\/media?parent=4110"}],"wp:term":[{"taxonomy":"category","embeddable":true,"href":"https:\/\/escribocreativo.com\/blog\/wp-json\/wp\/v2\/categories?post=4110"},{"taxonomy":"post_tag","embeddable":true,"href":"https:\/\/escribocreativo.com\/blog\/wp-json\/wp\/v2\/tags?post=4110"}],"curies":[{"name":"wp","href":"https:\/\/api.w.org\/{rel}","templated":true}]}}