{"id":4158,"date":"2009-08-26T23:57:11","date_gmt":"2009-08-26T22:57:11","guid":{"rendered":"http:\/\/poesiamas.net\/blog\/?p=4158"},"modified":"2015-03-11T13:31:52","modified_gmt":"2015-03-11T13:31:52","slug":"el-breve-mundo-de-ele","status":"publish","type":"post","link":"https:\/\/escribocreativo.com\/blog\/2009\/08\/26\/el-breve-mundo-de-ele\/","title":{"rendered":"El breve mundo de Ele"},"content":{"rendered":"<p style=\"text-align: justify;\"><a href=\"https:\/\/escribocreativo.com\/blog\/wp-content\/uploads\/2009\/08\/ele.jpg\"><img loading=\"lazy\" decoding=\"async\" class=\"alignleft size-medium wp-image-4159\" title=\"ele\" src=\"https:\/\/escribocreativo.com\/blog\/wp-content\/uploads\/2009\/08\/ele-210x300.jpg\" alt=\"ele\" width=\"210\" height=\"300\" \/><\/a>Todo el mundo, amigas o desconocidos, me llama Ele. \u00bfTe gustar\u00eda saber c\u00f3mo soy? Es normal tener curiosidad por el f\u00edsico de los dem\u00e1s. Pues te cuento. Soy m\u00e1s bien alta y delgadita. S\u00f3lo me sienta viva con el d\u00eda; la caricia del sol es mi favorita, aunque no me gusta exponerme demasiado, pues ya se sabe que con los a\u00f1os afecta a la piel. \u00a1Pero suelo estar muy morena todo el tiempo! Odio, por contra, la oscuridad.<\/p>\n<p style=\"text-align: justify;\">Si miro a mi alrededor, veo a muchas otras como yo, por todas partes, altas y delgadas. No soy, pienso entonces, muy peculiar. Y, si me fijo bien, hasta donde llega mi mundo veo otras diferentes, todos perfiles repetidos: bajitas y gorditas (con estas me siento divina, s\u00e9 que est\u00e1 mal pensarlo), otras m\u00e1s all\u00e1 son enrevesadas (no me fiar\u00eda mucho), aquellas tienen aire de engre\u00eddas (mejor no compartir mis pensamientos), y esas tienen pinta de asombradas (mojitagas, no). As\u00ed que las que pensamos que somos diferentes, en realidad, no lo somos tanto, aunque nos guste pensarlo. \u00a1Hay tantas como nosotras!<\/p>\n<p style=\"text-align: justify;\"><!--more--><\/p>\n<p style=\"text-align: justify;\">Me he acostumbrado a la soledad. A veces permanezco mucho tiempo sin salir. A\u00f1os, incluso. Pero he viajado a lugares nuevos: me es f\u00e1cil adaptarme. Soy mimosa, pero no pido nada nunca. Cuando me abro al mundo, me gusta tomar el aire, sentir el aleteo de la brisa, aunque sea c\u00e1lida, por unos instantes. Odio la suciedad, sobre todo el polvo y la humedad, que me destroza por completo. Les tengo alergia y me hincho y me pongo p\u00e1lida&#8230; \u00a1Un horror! Me paso d\u00edas incomod\u00edsima.<\/p>\n<p style=\"text-align: justify;\">No te asustes por mis opiniones radicales. Viviendo como yo vivo, es l\u00f3gico estar siempre en los lados opuestos de forma alternativa: amor y odio, fr\u00edo y calor, humedad y tiempo seco. Te acabas acostumbrando.<\/p>\n<p style=\"text-align: justify;\">Me da miedo envejecer, como a todas, claro. \u00bfQui\u00e9n no? A fin de cuentas, tenemos una serie de objetivos en la vida y nos gustar\u00eda completarlos. Me gusta sentirme parte de una comunidad. Me gusta, sobre todo, poder crear o mejor, ser puente de ideas, reflexiones, provocar sentimientos. Me gusta ser parte indispensable. Lo veo como un soplo m\u00e1gico. Me sorprendo mirando el rostro de la gente y viendo c\u00f3mo su cara representa todos los rasgos: enfado, sorpresa, tristeza, alegr\u00eda, incredulidad&#8230;<\/p>\n<p style=\"text-align: justify;\">Ahora tengo que dejarte, porque siento que est\u00e1n abriendo el libro. \u00a1S\u00ed, es el sonido tan caracter\u00edstico! Mis hermanas y yo estamos listas, perfectamente alineadas. Mi due\u00f1a va a leer. Y me necesita para comprenderse mejor a ella misma.<\/p>\n<p style=\"text-align: justify;\">Que tengas buenas noches. Como ya habr\u00e1s adivinado, me llamo Ele, pero puede que me conozcas por mi nombre completo. Letra Ele. \u00a1Sshhh! Eres tan simp\u00e1tico que te voy a dar un consejo r\u00e1pido. \u00bfQuieres? Presta atenci\u00f3n: para leer correctamente tienes que dejar de sentir el mundo girando a tu alrededor. Hazme caso. \u00a1Soy toda una profesional!<\/p>\n<p style=\"text-align: center;\">[email_link]\n<p style=\"text-align: justify;\">\n","protected":false},"excerpt":{"rendered":"<p>Todo el mundo, amigas o desconocidos, me llama Ele. \u00bfTe gustar\u00eda saber c\u00f3mo soy? Es normal tener curiosidad por el f\u00edsico de los dem\u00e1s. Pues te cuento. Soy m\u00e1s bien alta y delgadita. S\u00f3lo me sienta viva con el d\u00eda; la caricia del sol es mi favorita, aunque no me gusta exponerme demasiado, pues ya se sabe que con los[&#8230;]<\/p>\n","protected":false},"author":1,"featured_media":0,"comment_status":"open","ping_status":"open","sticky":false,"template":"","format":"standard","meta":{"footnotes":""},"categories":[7],"tags":[1039,1183],"class_list":["post-4158","post","type-post","status-publish","format-standard","hentry","category-relatos","tag-el-breve-mundo-de-ele","tag-escritura-creativa"],"_links":{"self":[{"href":"https:\/\/escribocreativo.com\/blog\/wp-json\/wp\/v2\/posts\/4158","targetHints":{"allow":["GET"]}}],"collection":[{"href":"https:\/\/escribocreativo.com\/blog\/wp-json\/wp\/v2\/posts"}],"about":[{"href":"https:\/\/escribocreativo.com\/blog\/wp-json\/wp\/v2\/types\/post"}],"author":[{"embeddable":true,"href":"https:\/\/escribocreativo.com\/blog\/wp-json\/wp\/v2\/users\/1"}],"replies":[{"embeddable":true,"href":"https:\/\/escribocreativo.com\/blog\/wp-json\/wp\/v2\/comments?post=4158"}],"version-history":[{"count":0,"href":"https:\/\/escribocreativo.com\/blog\/wp-json\/wp\/v2\/posts\/4158\/revisions"}],"wp:attachment":[{"href":"https:\/\/escribocreativo.com\/blog\/wp-json\/wp\/v2\/media?parent=4158"}],"wp:term":[{"taxonomy":"category","embeddable":true,"href":"https:\/\/escribocreativo.com\/blog\/wp-json\/wp\/v2\/categories?post=4158"},{"taxonomy":"post_tag","embeddable":true,"href":"https:\/\/escribocreativo.com\/blog\/wp-json\/wp\/v2\/tags?post=4158"}],"curies":[{"name":"wp","href":"https:\/\/api.w.org\/{rel}","templated":true}]}}