{"id":4540,"date":"2009-10-04T13:51:13","date_gmt":"2009-10-04T12:51:13","guid":{"rendered":"http:\/\/poesiamas.net\/blog\/?p=4540"},"modified":"2015-03-11T13:55:38","modified_gmt":"2015-03-11T13:55:38","slug":"mercedes-sosa-nos-deja-su-musica","status":"publish","type":"post","link":"https:\/\/escribocreativo.com\/blog\/2009\/10\/04\/mercedes-sosa-nos-deja-su-musica\/","title":{"rendered":"Mercedes Sosa, La Negra, se va pero nos deja su m\u00fasica"},"content":{"rendered":"<p style=\"text-align: justify;\">Ha fallecido Mercedes Sosa, una de las grandes voces de Am\u00e9rica. Su personalidad, el poder\u00edo de su voz y las canciones que cant\u00f3 ya no podemos escucharlas en otras voces porque parecen otras. Este es uno de los m\u00e9ritos de un artista: hacer una obra tan propia que uno la identifique inmediatamente con \u00e9l.<\/p>\n<p style=\"text-align: justify;\">A t\u00edtulo personal, ha sido una de las voces que me acompa\u00f1\u00f3 siempre, junto a las otros grandes cantautores como Silvio Rodr\u00edguez, Joan Manuel Serrat o V\u00edctor Manuel. Su compromiso con el pueblo en las \u00e9pocas dif\u00edciles por las que pas\u00f3 Argentina nunca fueron puestas en duda, arriesgando incluso su propia vida.<\/p>\n<p style=\"text-align: center;\"><object classid=\"clsid:d27cdb6e-ae6d-11cf-96b8-444553540000\" width=\"425\" height=\"344\" codebase=\"http:\/\/download.macromedia.com\/pub\/shockwave\/cabs\/flash\/swflash.cab#version=6,0,40,0\"><param name=\"allowFullScreen\" value=\"true\" \/><param name=\"allowscriptaccess\" value=\"always\" \/><param name=\"src\" value=\"http:\/\/www.youtube.com\/v\/INZ1OfRDuE8&amp;hl=es&amp;fs=1&amp;color1=0x006699&amp;color2=0x54abd6\" \/><param name=\"allowfullscreen\" value=\"true\" \/><embed type=\"application\/x-shockwave-flash\" width=\"425\" height=\"344\" src=\"http:\/\/www.youtube.com\/v\/INZ1OfRDuE8&amp;hl=es&amp;fs=1&amp;color1=0x006699&amp;color2=0x54abd6\" allowscriptaccess=\"always\" allowfullscreen=\"true\"><\/embed><\/object><\/p>\n<p style=\"text-align: justify;\"><!--more--><\/p>\n<p style=\"text-align: justify;\">Llev\u00f3 esperanza y amor en tiempos convulsos -s\u00f3lo hay que escuchar su <em>Mercedes Sosa en Argentina<\/em>, en 1982, para entender muchas cosas-. Y tuvo una dignidad como artista que siempre result\u00f3 sincera y transparente. Se ofrec\u00eda toda, y eso cu\u00e1nta gente puede decirlo, no s\u00f3lo artistas. De todas sus canciones, dejo esta, porque creo que deja una ense\u00f1anza, que forma parte de los pilares del folcklore que ella cantaba\/transmit\u00eda: <em>hay que sacarlo todo afuera, como la primavera, nadie quiere que adentro algo se muera; hablar mir\u00e1ndose a los ojos, sacar lo que se pueda afuera, para que adentro nazcan cosas nuevas<\/em>.<\/p>\n<p style=\"text-align: center;\"><object classid=\"clsid:d27cdb6e-ae6d-11cf-96b8-444553540000\" width=\"425\" height=\"344\" codebase=\"http:\/\/download.macromedia.com\/pub\/shockwave\/cabs\/flash\/swflash.cab#version=6,0,40,0\"><param name=\"allowFullScreen\" value=\"true\" \/><param name=\"allowscriptaccess\" value=\"always\" \/><param name=\"src\" value=\"http:\/\/www.youtube.com\/v\/ikUdtMkZkCQ&amp;hl=es&amp;fs=1&amp;color1=0x006699&amp;color2=0x54abd6\" \/><param name=\"allowfullscreen\" value=\"true\" \/><embed type=\"application\/x-shockwave-flash\" width=\"425\" height=\"344\" src=\"http:\/\/www.youtube.com\/v\/ikUdtMkZkCQ&amp;hl=es&amp;fs=1&amp;color1=0x006699&amp;color2=0x54abd6\" allowscriptaccess=\"always\" allowfullscreen=\"true\"><\/embed><\/object><\/p>\n<p style=\"text-align: center;\">[email_link]\n","protected":false},"excerpt":{"rendered":"<p>Ha fallecido Mercedes Sosa, una de las grandes voces de Am\u00e9rica. Su personalidad, el poder\u00edo de su voz y las canciones que cant\u00f3 ya no podemos escucharlas en otras voces porque parecen otras. Este es uno de los m\u00e9ritos de un artista: hacer una obra tan propia que uno la identifique inmediatamente con \u00e9l. A t\u00edtulo personal, ha sido una[&#8230;]<\/p>\n","protected":false},"author":1,"featured_media":0,"comment_status":"open","ping_status":"open","sticky":false,"template":"","format":"standard","meta":{"footnotes":""},"categories":[10],"tags":[2182],"class_list":["post-4540","post","type-post","status-publish","format-standard","hentry","category-la-ciudad-reflexiva","tag-mercedes-sosa"],"_links":{"self":[{"href":"https:\/\/escribocreativo.com\/blog\/wp-json\/wp\/v2\/posts\/4540","targetHints":{"allow":["GET"]}}],"collection":[{"href":"https:\/\/escribocreativo.com\/blog\/wp-json\/wp\/v2\/posts"}],"about":[{"href":"https:\/\/escribocreativo.com\/blog\/wp-json\/wp\/v2\/types\/post"}],"author":[{"embeddable":true,"href":"https:\/\/escribocreativo.com\/blog\/wp-json\/wp\/v2\/users\/1"}],"replies":[{"embeddable":true,"href":"https:\/\/escribocreativo.com\/blog\/wp-json\/wp\/v2\/comments?post=4540"}],"version-history":[{"count":0,"href":"https:\/\/escribocreativo.com\/blog\/wp-json\/wp\/v2\/posts\/4540\/revisions"}],"wp:attachment":[{"href":"https:\/\/escribocreativo.com\/blog\/wp-json\/wp\/v2\/media?parent=4540"}],"wp:term":[{"taxonomy":"category","embeddable":true,"href":"https:\/\/escribocreativo.com\/blog\/wp-json\/wp\/v2\/categories?post=4540"},{"taxonomy":"post_tag","embeddable":true,"href":"https:\/\/escribocreativo.com\/blog\/wp-json\/wp\/v2\/tags?post=4540"}],"curies":[{"name":"wp","href":"https:\/\/api.w.org\/{rel}","templated":true}]}}