{"id":4569,"date":"2009-10-08T18:41:19","date_gmt":"2009-10-08T17:41:19","guid":{"rendered":"http:\/\/poesiamas.net\/blog\/?p=4569"},"modified":"2015-03-14T01:09:49","modified_gmt":"2015-03-14T01:09:49","slug":"el-humanismo-y-belen-esteban","status":"publish","type":"post","link":"https:\/\/escribocreativo.com\/blog\/2009\/10\/08\/el-humanismo-y-belen-esteban\/","title":{"rendered":"El humanismo y Bel\u00e9n Esteban"},"content":{"rendered":"<p style=\"text-align: justify;\"><a href=\"https:\/\/escribocreativo.com\/blog\/wp-content\/uploads\/2009\/10\/eljueves_belenesteban.jpg\"><img loading=\"lazy\" decoding=\"async\" class=\"alignleft size-medium wp-image-4570\" style=\"margin: 5px;\" title=\"eljueves_belenesteban\" src=\"https:\/\/escribocreativo.com\/blog\/wp-content\/uploads\/2009\/10\/eljueves_belenesteban-217x300.jpg\" alt=\"eljueves_belenesteban\" width=\"217\" height=\"300\" \/><\/a>Ya sab\u00edamos que los valores econ\u00f3micos han ido sustituyendo los valores morales tradicionales. Esta perversi\u00f3n ha sido posible porque las empresas han consumido todo a su alrededor, como un baobab que absorbiera toda el agua y la luz de nuestro ecosistema, impidiendo que los nuevos brotes\u00a0 -nuevas ideolog\u00edas, nuevas formas de entender el mundo- lleguen alg\u00fan d\u00eda a germinar con la suficiente fuerza.<\/p>\n<p style=\"text-align: justify;\">En mi revisa literaria, <a href=\"http:\/\/escribocreativo.com\" target=\"_blank\">Poes\u00eda+Letras,<\/a> es frecuente encontrar todo tipo de debates. El m\u00e1s recurrente, el de las faltas de ortograf\u00eda. Hay discusiones sobre la necesidad de se\u00f1alarlas a los escritores; sobre si hay que privilegiar el contenido sobre la forma. Al final, uno tiene la tentaci\u00f3n de llamar a V\u00edctor Garc\u00eda de la Concha, el secretario de la Real Academia Espa\u00f1ola de la Lengua, y comentarles que no sigan imprimiendo su diccionario porque para lo que lo usan y lo respetan&#8230;<\/p>\n<p style=\"text-align: justify;\"><!--more--><\/p>\n<p style=\"text-align: justify;\">Me dec\u00eda un profesor de mi facultad de Filolog\u00eda que no leyera textos en internet, porque ah\u00ed s\u00f3lo iba a encontrar un nivel mediocre. \u00bfPor qu\u00e9?, le pregunt\u00e9, imaginando que habr\u00eda de todo. Pues porque no hay quien establezca un rasero: escribe quien quiere y como quiere.<\/p>\n<p style=\"text-align: justify;\">Otro antiguo miembro de la revista me coment\u00f3 que no era lo mismo escribir a secas que escribirse. Esto, sin contar el factor de calidad, porque una cosa es que unos amigos nos reunamos libremente para publicar textos propios y otra diferente hacer una selecci\u00f3n de textos con un nivel de calidad.<\/p>\n<p style=\"text-align: justify;\">Entre los comentarios sobre escribir sin faltas de ortograf\u00eda o pensar que no es importante, hay quien ha llegado a decir que un texto sin tildes se entiende igual que el mismo con tildes; que cu\u00e1l es la diferencia entre una palabra mal escrita o una que no se entiende, y que, en definitiva, no hay que ser tan exigente.<\/p>\n<p style=\"text-align: justify;\">Dicen que Bel\u00e9n Esteban es un fen\u00f3meno televisivo sin parang\u00f3n. Sus escenas, comentarios, increpaciones, su lenguaje soez y de nivel cultural bajo parece enforverecer a sus seguidores, que son, por abrumadora mayor\u00eda, parte de ese pueblo llano y con nivel cultural bajo.<\/p>\n<p style=\"text-align: justify;\">\u00bfHay que se\u00f1alar a quien no posea un conocimiento medio o un nivel de comprensi\u00f3n, reflexi\u00f3n, juicio, etc.? No. Pero hay que mostrar ense\u00f1ando -\u00bftendr\u00e9 el virus del neocl\u00e1sico, Morat\u00edn?-. Bel\u00e9n Esteban es s\u00f3lo el signo de los tiempos, un gigantesco totem, en el cual dan igual ciertos valores que har\u00eda que las escuelas atenienses se llevaran las manos a la cabeza.<\/p>\n<p style=\"text-align: justify;\"><a href=\"https:\/\/escribocreativo.com\/blog\/wp-content\/uploads\/2009\/10\/441px-Da_Vinci_Vitruve_Luc_Viatour.jpg\"><img loading=\"lazy\" decoding=\"async\" class=\"alignleft size-medium wp-image-4577\" style=\"margin: 5px;\" title=\"441px-Da_Vinci_Vitruve_Luc_Viatour\" src=\"https:\/\/escribocreativo.com\/blog\/wp-content\/uploads\/2009\/10\/441px-Da_Vinci_Vitruve_Luc_Viatour-220x300.jpg\" alt=\"441px-Da_Vinci_Vitruve_Luc_Viatour\" width=\"220\" height=\"300\" \/><\/a>Pregunto: \u00bfno podr\u00edamos aspirar, aunando los estados, las universidades, los agentes sociales, etc. a un <a href=\"http:\/\/es.wikipedia.org\/wiki\/Humanismo\" target=\"_blank\">conocimiento humanista<\/a>?<\/p>\n<p style=\"text-align: justify;\">\u00bfEs que saber de astronom\u00eda, filosof\u00eda, lengua, matem\u00e1ticas, es malo de por s\u00ed? \u00bfPor qu\u00e9 aspirar al conocimiento no aparece como un valor? En cambio, ser &#8220;parte del pueblo&#8221;, como yo soy, es un gran valor. \u00bfNos imaginamos todos sabiendo <strong>m\u00e1s<\/strong>? \u00bfEs que saber m\u00e1s no es sano? \u00bfSaber m\u00e1s no est\u00e1 de moda? \u00bfSe puede poner de moda el adquirir conocimientos? \u00bfAmpliar fronteras, como suele decirse, m\u00e1s all\u00e1 de las experiencias personales de experimentar con opio o LSD?<\/p>\n<p style=\"text-align: justify;\">Los que siguen a Bel\u00e9n Esteban, con las derivaciones socioculturales\u00a0 que conlleva, apoyan, <strong>de forma voluntaria<\/strong>, la dejadez frente a la motivaci\u00f3n, el analfabetismo frente al conocimiento, amparados en una &#8220;frescura&#8221; y una &#8220;naturalidad&#8221; mal entendidas, que no son sino lo soez, lo chabacano, lo cutre.<\/p>\n<p style=\"text-align: justify;\">Esta es la sociedad que tenemos. No, no, que s\u00e9 que lo han le\u00eddo muchas veces y no sienten nada. Lo voy a repetir a ver si invertimos cinco minutos a pensar en este tema, o en cualquier otro tema, porque este es otro valor, el de la reflexi\u00f3n, que ha invertido su valor positivo por el de &#8220;t\u00fa piensas demasiado&#8221;, o, en belenestebandialecto, &#8220;le das demasiadas vueltas al mel\u00f3n&#8221;. Que yo no digo que la pobrecilla no tenga sus derechos y sea una persona hermosa, o no, seg\u00fan qui\u00e9n. Digo que ESTA es la sociedad que tenemos y que hemos involucionado.<\/p>\n<p style=\"text-align: justify;\">Un sociedad con menos nivel cultural es una sociedad m\u00e1s manipulable; una sociedad menos reflexiva es m\u00e1s manipulable; una sociedad que pervierte valores y continuamente minusvalora los necesarios est\u00e1 enferma.<\/p>\n<p style=\"text-align: justify;\">\u00bfY t\u00fa, qu\u00e9 piensas? \u00bfPrefieres el humanismo de Bel\u00e9n Esteban, o el de Erasmo de Rotterdam? Y para rematar con el sistema educativo&#8230;<\/p>\n<p style=\"text-align: center;\"><strong>Another Brick in the Wall<\/strong><\/p>\n<p style=\"text-align: center;\"><object classid=\"clsid:d27cdb6e-ae6d-11cf-96b8-444553540000\" width=\"425\" height=\"344\" codebase=\"http:\/\/download.macromedia.com\/pub\/shockwave\/cabs\/flash\/swflash.cab#version=6,0,40,0\"><param name=\"allowFullScreen\" value=\"true\" \/><param name=\"allowscriptaccess\" value=\"always\" \/><param name=\"src\" value=\"http:\/\/www.youtube.com\/v\/LUASiDg-kg4&amp;hl=es&amp;fs=1&amp;color1=0x006699&amp;color2=0x54abd6\" \/><param name=\"allowfullscreen\" value=\"true\" \/><embed type=\"application\/x-shockwave-flash\" width=\"425\" height=\"344\" src=\"http:\/\/www.youtube.com\/v\/LUASiDg-kg4&amp;hl=es&amp;fs=1&amp;color1=0x006699&amp;color2=0x54abd6\" allowscriptaccess=\"always\" allowfullscreen=\"true\"><\/embed><\/object><\/p>\n<p style=\"text-align: center;\">[email_link]\n","protected":false},"excerpt":{"rendered":"<p>Ya sab\u00edamos que los valores econ\u00f3micos han ido sustituyendo los valores morales tradicionales. Esta perversi\u00f3n ha sido posible porque las empresas han consumido todo a su alrededor, como un baobab que absorbiera toda el agua y la luz de nuestro ecosistema, impidiendo que los nuevos brotes\u00a0 -nuevas ideolog\u00edas, nuevas formas de entender el mundo- lleguen alg\u00fan d\u00eda a germinar con[&#8230;]<\/p>\n","protected":false},"author":1,"featured_media":0,"comment_status":"open","ping_status":"open","sticky":false,"template":"","format":"standard","meta":{"footnotes":""},"categories":[10],"tags":[310,699,1162,1320,1595],"class_list":["post-4569","post","type-post","status-publish","format-standard","hentry","category-la-ciudad-reflexiva","tag-belen-esteban","tag-conocimiento","tag-erasmo","tag-filosofia","tag-humanismo"],"_links":{"self":[{"href":"https:\/\/escribocreativo.com\/blog\/wp-json\/wp\/v2\/posts\/4569","targetHints":{"allow":["GET"]}}],"collection":[{"href":"https:\/\/escribocreativo.com\/blog\/wp-json\/wp\/v2\/posts"}],"about":[{"href":"https:\/\/escribocreativo.com\/blog\/wp-json\/wp\/v2\/types\/post"}],"author":[{"embeddable":true,"href":"https:\/\/escribocreativo.com\/blog\/wp-json\/wp\/v2\/users\/1"}],"replies":[{"embeddable":true,"href":"https:\/\/escribocreativo.com\/blog\/wp-json\/wp\/v2\/comments?post=4569"}],"version-history":[{"count":0,"href":"https:\/\/escribocreativo.com\/blog\/wp-json\/wp\/v2\/posts\/4569\/revisions"}],"wp:attachment":[{"href":"https:\/\/escribocreativo.com\/blog\/wp-json\/wp\/v2\/media?parent=4569"}],"wp:term":[{"taxonomy":"category","embeddable":true,"href":"https:\/\/escribocreativo.com\/blog\/wp-json\/wp\/v2\/categories?post=4569"},{"taxonomy":"post_tag","embeddable":true,"href":"https:\/\/escribocreativo.com\/blog\/wp-json\/wp\/v2\/tags?post=4569"}],"curies":[{"name":"wp","href":"https:\/\/api.w.org\/{rel}","templated":true}]}}