{"id":4594,"date":"2009-10-11T20:45:10","date_gmt":"2009-10-11T19:45:10","guid":{"rendered":"http:\/\/poesiamas.net\/blog\/?p=4594"},"modified":"2015-03-11T13:48:04","modified_gmt":"2015-03-11T13:48:04","slug":"de-sadam-hussein-a-la-gripe-a","status":"publish","type":"post","link":"https:\/\/escribocreativo.com\/blog\/2009\/10\/11\/de-sadam-hussein-a-la-gripe-a\/","title":{"rendered":"De Sadam Hussein a la Gripe A"},"content":{"rendered":"<p style=\"text-align: justify;\"><a href=\"https:\/\/escribocreativo.com\/blog\/wp-content\/uploads\/2009\/10\/esqueleto.jpg\"><img loading=\"lazy\" decoding=\"async\" class=\"alignleft size-medium wp-image-4597\" style=\"margin: 5px;\" title=\"esqueleto\" src=\"https:\/\/escribocreativo.com\/blog\/wp-content\/uploads\/2009\/10\/esqueleto-223x300.jpg\" alt=\"esqueleto\" width=\"223\" height=\"300\" \/><\/a>La informaci\u00f3n sobre la gripe A genera muchas zonas oscuras. No s\u00f3lo por la alarma social -recordemos el caos en M\u00e9xico, muy venido a menos en cuanto a incidencias-, sino porque trae a colaci\u00f3n asuntos relacionados con teor\u00edas conspirativas, intereses empresariales o la desconfianza hacia los sistemas sanitarios.<\/p>\n<p style=\"text-align: justify;\">Si la OMS y el resto de gobiernos del mundo  est\u00e1n preocupados de verdad por esta nueva cepa, la sospecha de un alarmismo infundado sobrevuela sobre las instituciones sanitarias y los poderes p\u00fablicos.<\/p>\n<p style=\"text-align: justify;\">En Alemania, suponemos que Merkel, reelegida, seguir\u00e1 con la misma determinaci\u00f3n de no comprar vacunas para la gripe A. All\u00ed, la poblaci\u00f3n no s\u00f3lo no ha manifestado su rechazo a la propuesta sino que, dentro de la preocupaci\u00f3n de las autoridades sanitarias, entiende que su gobierno toma una medida razonable. La vacuna no ha sido probada a\u00fan: son impredecibles sus efectos secundarios, si los hubiese.<\/p>\n<p style=\"text-align: justify;\"><!--more--><\/p>\n<p style=\"text-align: justify;\">En Espa\u00f1a, la Organizaci\u00f3n M\u00e9dica Colegial\u00a0<a href=\"http:\/\/www.elpais.com\/articulo\/sociedad\/Jimenez\/medicos\/estemos\/exagerando\/poco\/elpepusoc\/20090902elpepusoc_2\/Tes\" target=\"_blank\">emiti\u00f3 un comunicado desmarc\u00e1ndose del alarmismo de la Ministra de Sanidad, Trinidad Jim\u00e9nez<\/a>.<\/p>\n<p style=\"text-align: justify;\">Esta disparidad a la hora de afrontar la nueva gripe aumenta el escepticismo. Y, a\u00fan peor, surgen interrogantes necesarias ajenas a la salud:<\/p>\n<ol>\n<li style=\"text-align: justify;\">\u00bfEs este alarmismo un pretexto para alejar las noticias de la crisis econ\u00f3mica?<\/li>\n<li style=\"text-align: justify;\">\u00bfA qui\u00e9n beneficia la compra de vacunas? \u00bfExiste una connivencia entre las empresas farmac\u00e9uticas y los estados, o algunos de ellos, que han creado un efecto rebote en los dem\u00e1s y se han sumado a la compra masiva de millones de vacunas?<\/li>\n<li style=\"text-align: justify;\">\u00bfPor qu\u00e9 se toma el nivel de alerta de la OMS, que tiene que ver con la contagiosidad y no con la mortalidad, como si anunciaran la llegada de los cuatro jinetes del apocalipsis?<\/li>\n<\/ol>\n<p style=\"text-align: justify;\">Entre las voces discordantes con esta alarma social, que tiene visos de ser una psicosis creada artificialmente, tenemos declaraciones como las de Marc Gentilini, miembro de la Academia de Medicina francesa:<\/p>\n<blockquote style=\"text-align: justify;\">\n<p style=\"text-align: justify;\">El peso que se atribuye a la gripe A es indecente si se compara con la situaci\u00f3n sanitaria mundial en su conjunto. Es una pandemia de la indecencia. Cuando veo la situaci\u00f3n del planeta, siento verg\u00fcenza de ver todo lo que se emprende para evitar esta gripe de la que tan poco se sabe. El paludismo mata a un mill\u00f3n de personas en la indiferencia casi general.<\/p>\n<\/blockquote>\n<p style=\"text-align: justify;\">La diabetes, por ejemplo, produce alrededor de cuatro millones de muerte anuales, y la gastroenteritis bacteriana y sobre todo viral -que he padecido- mata a un mill\u00f3n de ni\u00f1os y m\u00e1s de 600.000 personas por a\u00f1o. M\u00e1s all\u00e1 del primer mundo -en donde los fallecidos por diabetes tienen que ver con el modo de vida <em>moderno<\/em>-, muere gente.<\/p>\n<p style=\"text-align: justify;\">Este alarmismo ha llevado a la aparici\u00f3n de teor\u00edas conspirativas, como la de quienes aseguran que es un complot para acabar con parte de la poblaci\u00f3n mundial o el bioterrorismo, por citar algunas de las m\u00e1s recurrentes, o la del peligro de las vacunaciones.<\/p>\n<p style=\"text-align: justify;\">Pero el problema de fondo es el desconocimiento, por parte de la poblaci\u00f3n, de la realidad sanitaria de sus pa\u00edses y a escala mundial. Conocer qu\u00e9 enfermedades y d\u00f3nde act\u00faan, y qu\u00e9 produce millones de muertes. Los estados guardan en secreto toda informaci\u00f3n sobre la gesti\u00f3n sanitaria, salvo las colas de espera en las listas de la sanidad que aparecen en\u00a0 las campa\u00f1as electorales, y sujetas a variaciones seg\u00fan el color pol\u00edtico.<\/p>\n<p style=\"text-align: justify;\">Los medios de informaci\u00f3n, adem\u00e1s, no han hecho poco da\u00f1o. Al contrario, son altavoces, interesados en la pol\u00e9mica como arma que siempre result\u00f3 efectiva para la venta. Inmersos en la crisis econ\u00f3mica, no pocos han lanzado titulares dignos de una pel\u00edcula de terror y, encima, han obviado informaci\u00f3n relevante para darle al suceso la magnitud exacta.<\/p>\n<p style=\"text-align: justify;\">En la Televisi\u00f3n Canaria, mientras emit\u00edan una pel\u00edcula, lanzaron un aviso subtitulado de un ni\u00f1o muerto por la gripe A. Vemos qu\u00e9 dijo la prensa.<\/p>\n<p style=\"text-align: center;\"><a href=\"http:\/\/www.elpais.com\/articulo\/sociedad\/Muere\/nino\/anos\/nueva\/gripe\/Canarias\/elpepusoc\/20090817elpepusoc_10\/Tes\" target=\"_blank\">El Pa\u00eds<\/a><\/p>\n<p style=\"text-align: center;\"><a href=\"http:\/\/www.elmundo.es\/elmundo\/2009\/08\/17\/espana\/1250543429.html\" target=\"_blank\">El Mundo<\/a><\/p>\n<p style=\"text-align: center;\">\n<p style=\"text-align: center;\">La Provincia<\/p>\n<p style=\"text-align: justify; \">Como se puede apreciar, en algunas de estas noticias se se\u00f1ala que el gobierno no ha querido dar m\u00e1s datos. Si ten\u00eda una enfermedad cr\u00f3nica de base, \u00bfno deber\u00edan decir cu\u00e1l? \u00bfAcaso esa informaci\u00f3n no dejar\u00eda m\u00e1s claro que un cuerpo con problemas graves podr\u00eda, igualmente, haber sufrido complicaciones con cualquier otra incidencia?<\/p>\n<p style=\"text-align: justify; \">Al fin, La Provincia ha resuelto el enigma: \u00a1ten\u00eda leucemia! En la noticia de El Mundo, cita a dos personas m\u00e1s fallecidas&#8230; \u00a1por neumon\u00eda bilateral y otro con problemas renales, y que llevaba a\u00f1os con di\u00e1lisis!<\/p>\n<p style=\"text-align: justify; \">A estas horas, vemos como la gripe A, en Espa\u00f1a, ha dejado paso a la batalla PSOE-PP en los medios de comunicaci\u00f3n. Dejo dos preguntas, a cual m\u00e1s inocua y angelical que la otra:<\/p>\n<ol>\n<li style=\"text-align: justify; \">Una vez comprados los millones de antivirales y habiendo aportado la comunidad cient\u00edfica -o parte de ella- su disconformidad con el alarmismo desmedido, ha dejado de ser un asunto relevante?<\/li>\n<li style=\"text-align: justify; \">\u00bfEra Saddam Hussein un dictador genocida al que hab\u00eda que encarcelar porque, adem\u00e1s, pose\u00eda armas de destrucci\u00f3n masiva?<\/li>\n<\/ol>\n<p style=\"text-align: justify;\"><strong>M\u00e1s informaci\u00f3n<\/strong>: <a href=\"http:\/\/yomisma77.wordpress.com\/2009\/08\/18\/%c2%bfque-estamos-haciendo-mal\/\" target=\"_blank\">\u00bfQu\u00e9 estamos haciendo mal?<\/a>, de alguien que conoce muy bien el sistema sanitario. Recomendad\u00edsimo. \ud83d\ude00<\/p>\n<p style=\"text-align: center; \">[email_link]\n","protected":false},"excerpt":{"rendered":"<p>La informaci\u00f3n sobre la gripe A genera muchas zonas oscuras. No s\u00f3lo por la alarma social -recordemos el caos en M\u00e9xico, muy venido a menos en cuanto a incidencias-, sino porque trae a colaci\u00f3n asuntos relacionados con teor\u00edas conspirativas, intereses empresariales o la desconfianza hacia los sistemas sanitarios. Si la OMS y el resto de gobiernos del mundo est\u00e1n preocupados[&#8230;]<\/p>\n","protected":false},"author":1,"featured_media":0,"comment_status":"open","ping_status":"open","sticky":false,"template":"","format":"standard","meta":{"footnotes":""},"categories":[10],"tags":[106,164,1477],"class_list":["post-4594","post","type-post","status-publish","format-standard","hentry","category-la-ciudad-reflexiva","tag-alarmismo","tag-analisis","tag-gripe-a"],"_links":{"self":[{"href":"https:\/\/escribocreativo.com\/blog\/wp-json\/wp\/v2\/posts\/4594","targetHints":{"allow":["GET"]}}],"collection":[{"href":"https:\/\/escribocreativo.com\/blog\/wp-json\/wp\/v2\/posts"}],"about":[{"href":"https:\/\/escribocreativo.com\/blog\/wp-json\/wp\/v2\/types\/post"}],"author":[{"embeddable":true,"href":"https:\/\/escribocreativo.com\/blog\/wp-json\/wp\/v2\/users\/1"}],"replies":[{"embeddable":true,"href":"https:\/\/escribocreativo.com\/blog\/wp-json\/wp\/v2\/comments?post=4594"}],"version-history":[{"count":0,"href":"https:\/\/escribocreativo.com\/blog\/wp-json\/wp\/v2\/posts\/4594\/revisions"}],"wp:attachment":[{"href":"https:\/\/escribocreativo.com\/blog\/wp-json\/wp\/v2\/media?parent=4594"}],"wp:term":[{"taxonomy":"category","embeddable":true,"href":"https:\/\/escribocreativo.com\/blog\/wp-json\/wp\/v2\/categories?post=4594"},{"taxonomy":"post_tag","embeddable":true,"href":"https:\/\/escribocreativo.com\/blog\/wp-json\/wp\/v2\/tags?post=4594"}],"curies":[{"name":"wp","href":"https:\/\/api.w.org\/{rel}","templated":true}]}}