{"id":4629,"date":"2009-10-17T14:02:26","date_gmt":"2009-10-17T13:02:26","guid":{"rendered":"http:\/\/poesiamas.net\/blog\/?p=4629"},"modified":"2015-03-11T13:55:38","modified_gmt":"2015-03-11T13:55:38","slug":"el-dia-que-no-murio-mark-knopfler","status":"publish","type":"post","link":"https:\/\/escribocreativo.com\/blog\/2009\/10\/17\/el-dia-que-no-murio-mark-knopfler\/","title":{"rendered":"El d\u00eda que no muri\u00f3 Mark Knopfler"},"content":{"rendered":"<p style=\"text-align: justify;\"><a href=\"https:\/\/escribocreativo.com\/blog\/wp-content\/uploads\/2009\/10\/mascaramontes.jpg\"><img loading=\"lazy\" decoding=\"async\" class=\"alignleft size-medium wp-image-4630\" style=\"margin: 5px;\" title=\"mascaramontes\" src=\"https:\/\/escribocreativo.com\/blog\/wp-content\/uploads\/2009\/10\/mascaramontes-300x225.jpg\" alt=\"mascaramontes\" width=\"240\" height=\"180\" \/><\/a>Ha fallecido Andr\u00e9s Montes. La noticia no ha dejado indiferente a nadie. Ir\u00e1 asociado siempre al deporte, en especial al baloncesto y al f\u00fatbol. Y sobre todo su fama como comentarista y la creaci\u00f3n de frases ya m\u00edticas en el imaginario colectivo.<\/p>\n<p style=\"text-align: justify;\">Se hace dif\u00edcil, a poco m\u00e1s de un mes de distancia, recordar sus transmisiones del oro del Eurobasket de Polonia; el oro del Campeonato del Mundo, la plata del Eurobasket de Espa\u00f1a. Y sus retransmisiones futbol\u00edsticas.<\/p>\n<p style=\"text-align: justify;\">Aunque no est\u00e1n claras las causas de su muerte, hay peque\u00f1os indicios de que, una vez finalizado su contrato en La Sexta, y aunque se ha dado a conocer su incorporaci\u00f3n al diario Marca y a RadioMarca, se haya quitado la vida.<\/p>\n<p style=\"text-align: justify;\">\u00bfEl hombre que dec\u00eda que &#8220;la vida puede ser maravillosa&#8221; puede haber ca\u00eddo en una grave depresi\u00f3n? Me viene a la mente la obra maestra de Yukio Mishima,\u00a0 <em>Confesiones de una m\u00e1scara<\/em>. La m\u00e1scara con que nos ocultamos, que ha sido objeto de tantas met\u00e1foras, analog\u00edas, s\u00edmbolos.<\/p>\n<p style=\"text-align: justify;\"><!--more--><\/p>\n<p style=\"text-align: justify;\">En fin, dejemos esto a los especialistas. El caso es que como narrador, ten\u00eda sus problemas: se equivocaba a menudo con, por ejemplo, nombres de jugadores, apenas entend\u00eda bien el juego -era incapaz de aportar datos t\u00e9cnico-t\u00e1cticos-, viv\u00eda mucho de sus invenciones y sus motes.<\/p>\n<p style=\"text-align: justify;\">Pero ten\u00eda otras cosas: era un gran animador, y un observador de la realidad muy intuitivo, que plasmaba en sus comentarios. Parec\u00eda m\u00e1s un amigo con dotes de locutor que un profesional al uso: junto a Ram\u00f3n Trecet, quiz\u00e1s las dos voces del baloncesto m\u00e1s reconocibles de la historia del deporte, por pol\u00e9micas y por pasionales. Ambos hicieron m\u00e1s grande al baloncesto y contribuyeron decisivamente al auge del baloncesto NBA en Espa\u00f1a.<\/p>\n<p style=\"text-align: justify;\">Uno se imagina que sus \u00eddolos mueren dulcemente -o no mueren nunca-, ancianos, tras un retiro paulatino. Porque con 53 a\u00f1os, uno es un hombre joven todav\u00eda.<\/p>\n<p style=\"text-align: justify;\">Uno se muere, se va, y ya. No queda nada; la vida sigue en cada primavera, y Montes queda grabado en el deporte y en nuestras vidas. El hombre que nos motivaba, que nos hablaba de las ganas de vivir la vida, que narraba una realidad transformada en otra l\u00fadica, ir\u00f3nica, traviesa&#8230; Las m\u00e1scaras.<\/p>\n<p style=\"text-align: justify;\">Sigo en estado de <em>shock: <\/em>ayer estaba viendo la grabaci\u00f3n de la final del Eurobasket de Polonia, y la noticia me ha producido una distorsi\u00f3n entre la voz reciente de Montes y aceptar el hecho de que esa persona no vive. Pero, \u00bfqu\u00e9 pasar\u00e1 ahora cuando volvamos a escuchar esos grandes acontecimientos? \u00bfPonderaremos, m\u00e1s all\u00e1 de fobias y filias, su aportaci\u00f3n al deporte y al baloncesto en especial?<\/p>\n<p style=\"text-align: center;\"><object classid=\"clsid:d27cdb6e-ae6d-11cf-96b8-444553540000\" width=\"480\" height=\"295\" codebase=\"http:\/\/download.macromedia.com\/pub\/shockwave\/cabs\/flash\/swflash.cab#version=6,0,40,0\"><param name=\"allowFullScreen\" value=\"true\" \/><param name=\"allowscriptaccess\" value=\"always\" \/><param name=\"src\" value=\"http:\/\/www.youtube.com\/v\/xf3VCFyIqFQ&amp;hl=es&amp;fs=1&amp;color1=0x006699&amp;color2=0x54abd6\" \/><param name=\"allowfullscreen\" value=\"true\" \/><embed type=\"application\/x-shockwave-flash\" width=\"480\" height=\"295\" src=\"http:\/\/www.youtube.com\/v\/xf3VCFyIqFQ&amp;hl=es&amp;fs=1&amp;color1=0x006699&amp;color2=0x54abd6\" allowscriptaccess=\"always\" allowfullscreen=\"true\"><\/embed><\/object><\/p>\n<p style=\"text-align: justify;\">No me quiero imaginar el d\u00eda que muera Mark Knopfler. No habr\u00e1 pa\u00f1uelos en el mundo. :emotion:<\/p>\n<p style=\"text-align: center;\">[email_link]\n","protected":false},"excerpt":{"rendered":"<p>Ha fallecido Andr\u00e9s Montes. La noticia no ha dejado indiferente a nadie. Ir\u00e1 asociado siempre al deporte, en especial al baloncesto y al f\u00fatbol. Y sobre todo su fama como comentarista y la creaci\u00f3n de frases ya m\u00edticas en el imaginario colectivo. Se hace dif\u00edcil, a poco m\u00e1s de un mes de distancia, recordar sus transmisiones del oro del Eurobasket[&#8230;]<\/p>\n","protected":false},"author":1,"featured_media":0,"comment_status":"open","ping_status":"open","sticky":false,"template":"","format":"standard","meta":{"footnotes":""},"categories":[10],"tags":[168,2124,2268],"class_list":["post-4629","post","type-post","status-publish","format-standard","hentry","category-la-ciudad-reflexiva","tag-andres-montes","tag-mark-knopfler","tag-muerte"],"_links":{"self":[{"href":"https:\/\/escribocreativo.com\/blog\/wp-json\/wp\/v2\/posts\/4629","targetHints":{"allow":["GET"]}}],"collection":[{"href":"https:\/\/escribocreativo.com\/blog\/wp-json\/wp\/v2\/posts"}],"about":[{"href":"https:\/\/escribocreativo.com\/blog\/wp-json\/wp\/v2\/types\/post"}],"author":[{"embeddable":true,"href":"https:\/\/escribocreativo.com\/blog\/wp-json\/wp\/v2\/users\/1"}],"replies":[{"embeddable":true,"href":"https:\/\/escribocreativo.com\/blog\/wp-json\/wp\/v2\/comments?post=4629"}],"version-history":[{"count":0,"href":"https:\/\/escribocreativo.com\/blog\/wp-json\/wp\/v2\/posts\/4629\/revisions"}],"wp:attachment":[{"href":"https:\/\/escribocreativo.com\/blog\/wp-json\/wp\/v2\/media?parent=4629"}],"wp:term":[{"taxonomy":"category","embeddable":true,"href":"https:\/\/escribocreativo.com\/blog\/wp-json\/wp\/v2\/categories?post=4629"},{"taxonomy":"post_tag","embeddable":true,"href":"https:\/\/escribocreativo.com\/blog\/wp-json\/wp\/v2\/tags?post=4629"}],"curies":[{"name":"wp","href":"https:\/\/api.w.org\/{rel}","templated":true}]}}