{"id":4681,"date":"2009-11-02T17:23:10","date_gmt":"2009-11-02T17:23:10","guid":{"rendered":"http:\/\/poesiamas.net\/blog\/?p=4681"},"modified":"2015-03-11T13:48:04","modified_gmt":"2015-03-11T13:48:04","slug":"el-caso-polanski-dura-lex-sed-lex","status":"publish","type":"post","link":"https:\/\/escribocreativo.com\/blog\/2009\/11\/02\/el-caso-polanski-dura-lex-sed-lex\/","title":{"rendered":"El caso Polanski: \u00bfdura lex sed lex?"},"content":{"rendered":"<p style=\"text-align: justify;\"><a href=\"https:\/\/escribocreativo.com\/blog\/wp-content\/uploads\/2009\/11\/Chinatownposter1.jpg\"><img loading=\"lazy\" decoding=\"async\" class=\"alignleft size-medium wp-image-4682\" style=\"margin: 5px;\" title=\"Chinatownposter1\" src=\"https:\/\/escribocreativo.com\/blog\/wp-content\/uploads\/2009\/11\/Chinatownposter1-205x300.jpg\" alt=\"Chinatownposter1\" width=\"205\" height=\"300\" \/><\/a>El caso de Roman Polanski me llama la atenci\u00f3n. Entre otras cosas, porque al tratarse de uno de los directores de m\u00e1s talento de la historia del cine ha suscitado apoyos y desapegos de un \u00e9nfasis sorprendente.<\/p>\n<p style=\"text-align: justify;\">He le\u00eddo desde apoyos incondicionales al escritor: <em><a href=\"http:\/\/www.elpais.com\/articulo\/cultura\/Roman\/Polanski\/elpepucul\/20091101elpepicul_6\/Tes\" target=\"_blank\">A Roman Polanski<\/a>-, <\/em>tachando de vergonzoso que a un hombre de setenta y seis a\u00f1os se le castigue por un delito de hace 32; y, por otro lado, condenas sin paliativos: <em><a href=\"http:\/\/www.elpais.com\/articulo\/opinion\/Apoyo\/incomprensible\/elpepiopi\/20091009elpepiopi_7\/Tes\" target=\"_blank\">Apoyo incomprensible<\/a><\/em>.<\/p>\n<p style=\"text-align: justify;\"><a href=\"http:\/\/www.elpais.com\/articulo\/cultura\/victima\/Polanski\/reclama\/abandonen\/acciones\/legales\/director\/elpepucul\/20091027elpepucul_1\/Tes\" target=\"_blank\">La propia v\u00edctima ha pedido que se abandonen las acciones legales<\/a> contra \u00e9l, aunque leyendo sus motivos se entiende m\u00e1s por un acoso de la prensa mal digerido y una causa que le parece demasiado alejada en el tiempo. El abogado de Polanski de aquella \u00e9poca ha se\u00f1alado que no se dieron las garant\u00edas procesales adecuadas para el director.<\/p>\n<p style=\"text-align: justify;\">\u00bfQue un asesino o un violador no tenga las garant\u00edas procesales que contempla la ley le exime, al menos moralmente, de pagar por su crimen?<\/p>\n<p style=\"text-align: justify;\"><!--more--><\/p>\n<p style=\"text-align: justify;\">Entiendo que ambos bandos, tanto detractores como quienes apoyan a Polanski, lo componen personas juiciosas y cabales. Entonces, \u00bfpor qu\u00e9 no existe un punto medio? \u00bfEse argumento de que ha pasado demasiado tiempo es sostenible? \u00bfEl hacer hincapi\u00e9 en que Polanski es famoso y en caso de que fuera un an\u00f3nimo la justicia no habr\u00eda intervenido con tanta firmeza -que se le presupone, por cierto- es otro argumento v\u00e1lido?<\/p>\n<p style=\"text-align: justify;\">A m\u00ed, lo que me pide el cuerpo, sin conocer los detalles del caso sino bas\u00e1ndome en la denuncia interpuesta y en que Polanski huy\u00f3 de un juicio en el que tal vez no ten\u00eda las garant\u00edas suficientes, es que se siente en el banquillo de los acusados, se defienda con todas las garant\u00edas legales a su alcance y se dictamine una sentencia.<\/p>\n<p style=\"text-align: justify;\">Porque lo que nadie ha se\u00f1alado, en los art\u00edculos que he le\u00eddo, es que Polanski huy\u00f3 tras ser detenido por un delito que no ha negado en ning\u00fan momento.<\/p>\n<p style=\"text-align: justify;\">\u00bfY t\u00fa, en qu\u00e9 lugar te posicionas?<\/p>\n<p style=\"text-align: justify;\"><strong><span style=\"font-size: x-small;\">*dura lex sed lex: &#8220;la ley es dura, pero es la ley&#8221;<\/span><\/strong><\/p>\n<p style=\"text-align: center;\">[email_link]\n<p style=\"text-align: justify;\">\n<p><!-- google_ad_section_start() --><\/p>\n","protected":false},"excerpt":{"rendered":"<p>El caso de Roman Polanski me llama la atenci\u00f3n. Entre otras cosas, porque al tratarse de uno de los directores de m\u00e1s talento de la historia del cine ha suscitado apoyos y desapegos de un \u00e9nfasis sorprendente. He le\u00eddo desde apoyos incondicionales al escritor: A Roman Polanski-, tachando de vergonzoso que a un hombre de setenta y seis a\u00f1os se[&#8230;]<\/p>\n","protected":false},"author":1,"featured_media":0,"comment_status":"open","ping_status":"open","sticky":false,"template":"","format":"standard","meta":{"footnotes":""},"categories":[10],"tags":[898,1806,2912],"class_list":["post-4681","post","type-post","status-publish","format-standard","hentry","category-la-ciudad-reflexiva","tag-detenido","tag-justicia","tag-roman-polanski"],"_links":{"self":[{"href":"https:\/\/escribocreativo.com\/blog\/wp-json\/wp\/v2\/posts\/4681","targetHints":{"allow":["GET"]}}],"collection":[{"href":"https:\/\/escribocreativo.com\/blog\/wp-json\/wp\/v2\/posts"}],"about":[{"href":"https:\/\/escribocreativo.com\/blog\/wp-json\/wp\/v2\/types\/post"}],"author":[{"embeddable":true,"href":"https:\/\/escribocreativo.com\/blog\/wp-json\/wp\/v2\/users\/1"}],"replies":[{"embeddable":true,"href":"https:\/\/escribocreativo.com\/blog\/wp-json\/wp\/v2\/comments?post=4681"}],"version-history":[{"count":0,"href":"https:\/\/escribocreativo.com\/blog\/wp-json\/wp\/v2\/posts\/4681\/revisions"}],"wp:attachment":[{"href":"https:\/\/escribocreativo.com\/blog\/wp-json\/wp\/v2\/media?parent=4681"}],"wp:term":[{"taxonomy":"category","embeddable":true,"href":"https:\/\/escribocreativo.com\/blog\/wp-json\/wp\/v2\/categories?post=4681"},{"taxonomy":"post_tag","embeddable":true,"href":"https:\/\/escribocreativo.com\/blog\/wp-json\/wp\/v2\/tags?post=4681"}],"curies":[{"name":"wp","href":"https:\/\/api.w.org\/{rel}","templated":true}]}}