{"id":4731,"date":"2009-11-09T18:45:05","date_gmt":"2009-11-09T18:45:05","guid":{"rendered":"http:\/\/poesiamas.net\/blog\/?p=4731"},"modified":"2015-03-14T00:51:14","modified_gmt":"2015-03-14T00:51:14","slug":"601-000-euros","status":"publish","type":"post","link":"https:\/\/escribocreativo.com\/blog\/2009\/11\/09\/601-000-euros\/","title":{"rendered":"601.000 euros"},"content":{"rendered":"<p style=\"text-align: center;\"><a href=\"https:\/\/escribocreativo.com\/blog\/wp-content\/uploads\/2009\/11\/savaterplaneta.jpg\"><img loading=\"lazy\" decoding=\"async\" class=\"aligncenter size-medium wp-image-4732\" title=\"savaterplaneta\" src=\"https:\/\/escribocreativo.com\/blog\/wp-content\/uploads\/2009\/11\/savaterplaneta-299x300.jpg\" alt=\"savaterplaneta\" width=\"299\" height=\"300\" \/><\/a><strong><em>Fernando Savater, de figura de la filosof\u00eda a Premio Planeta,<br \/>\nsin pasar por la casilla de salida.<\/em><\/strong><\/p>\n<p style=\"text-align: justify;\">De vez en cuando me da por decir lo que pienso, humilde ciudadano sin m\u00e1s se\u00f1as que ser hijo de una madre y amigo de unos pocos amigos, y arengo a las masas en cuanto a los gustos personales que, como tales, s\u00f3lo pueden ser subjetivos.<\/p>\n<p style=\"text-align: justify;\">En este dilema que me supone saber si los disparates los sue\u00f1o primero y los escribo despu\u00e9s, o los escribo y luego sue\u00f1o \u00a1menudo disparate!, desamparado ante el foco atento de quienes se consideran los elegidos para decidir lo que es cada qui\u00e9n y explicar lo de cada cual, me encuentro con que el suplemento <em>Babelia<\/em> del diario El Pa\u00eds del 31 de Octubre de 2009 publica este art\u00edculo, del que desgrano unos fragmentos.<\/p>\n<blockquote style=\"text-align: justify;\">\n<ul>\n<li>En lo que, sin lugar a dudas, ha mejorado sustancialmente el Premio Planeta es en la habilidad de sus organizadores para desviar la atenci\u00f3n del ganador convenido (<strong>Dios m\u00edo, \u00bfqu\u00e9 es lo que estoy insinuando?<\/strong>).<\/li>\n<li>Con un departamento de mercadotecnia perfectamente engrasado para la campa\u00f1a navide\u00f1a, en la sede corporativa de la avenida Diagonal <strong>nadie se arriesga a que un jurado levantisco (Mars\u00e9, bendito seas) premie la obra maestra de un perfecto desconocido<\/strong>, aunque se trate, pongo por caso, de un nuevo <em>Por el camino de Swann.<br \/>\n<!--more--><br \/>\n<\/em><\/li>\n<li><strong>Lo m\u00e1s perverso es el sistema de complicidades que nos pringa a todos -al jurado (s\u00ed, respetable), a los premiados (s\u00ed, respetables y afortunados), a los medios (qu\u00e9 les voy a contar)-<\/strong> y que se reproduce a\u00f1o tras a\u00f1o en forma de monumental insulto a la inteligencia colectiva (y pobre de quien no lo acepte: aguafiestas, resentidos, moralistas, antiguos sin sentido del humor).<\/li>\n<li><strong>Que el peculiar y frondos\u00edsimo sistema de premios literarios espa\u00f1oles sea particularmente proclive a las corrupciones, corruptelas, oportunismos, palmadita en la espalda y hoy-por-ti-ma\u00f1ana-por-m\u00ed<\/strong>, no impide que cada a\u00f1o resulte m\u00e1s ofensiva la org\u00eda planetaria y, sobre todo, su aberrante diseminaci\u00f3n medi\u00e1tica (el monstruo del lago Ness de las p\u00e1ginas culturales octobrinas).<a href=\"http:\/\/www.elpais.com\/articulo\/portada\/Autoridades\/planeta\/elpepuculbab\/20091031elpbabpor_21\/Tes\" target=\"_blank\"><em>Autoridades de otro planeta<\/em><\/a>, Manuel Rodr\u00edguez Rivero<\/li>\n<\/ul>\n<\/blockquote>\n<p style=\"text-align: justify;\">Visto que un art\u00edculo del sacrosanto peri\u00f3dico de izquierdas permite, en su suplemento literario por excelencia, esta cr\u00edtica y entendiendo un servidor que no hace sino de meg\u00e1fono de lo que es <em>vox populi<\/em>, la sensaci\u00f3n de soledad que experimentaba se minimiza y, lo que es m\u00e1s importante a\u00fan, <a href=\"https:\/\/escribocreativo.com\/blog\/2009\/06\/04\/literatura-buena-literatura-mala\/\">no deb\u00eda estar tan equivocado<\/a>. \ud83d\ude00<\/p>\n<p style=\"text-align: center;\">[email_link]\n","protected":false},"excerpt":{"rendered":"<p>Fernando Savater, de figura de la filosof\u00eda a Premio Planeta, sin pasar por la casilla de salida. De vez en cuando me da por decir lo que pienso, humilde ciudadano sin m\u00e1s se\u00f1as que ser hijo de una madre y amigo de unos pocos amigos, y arengo a las masas en cuanto a los gustos personales que, como tales, s\u00f3lo[&#8230;]<\/p>\n","protected":false},"author":1,"featured_media":0,"comment_status":"open","ping_status":"open","sticky":false,"template":"","format":"standard","meta":{"footnotes":""},"categories":[3608],"tags":[39,781,1991,1993,2687],"class_list":["post-4731","post","type-post","status-publish","format-standard","hentry","category-literatura","tag-601-000-euros","tag-critica","tag-literatura-buena","tag-literatura-mala","tag-premio-planeta"],"_links":{"self":[{"href":"https:\/\/escribocreativo.com\/blog\/wp-json\/wp\/v2\/posts\/4731","targetHints":{"allow":["GET"]}}],"collection":[{"href":"https:\/\/escribocreativo.com\/blog\/wp-json\/wp\/v2\/posts"}],"about":[{"href":"https:\/\/escribocreativo.com\/blog\/wp-json\/wp\/v2\/types\/post"}],"author":[{"embeddable":true,"href":"https:\/\/escribocreativo.com\/blog\/wp-json\/wp\/v2\/users\/1"}],"replies":[{"embeddable":true,"href":"https:\/\/escribocreativo.com\/blog\/wp-json\/wp\/v2\/comments?post=4731"}],"version-history":[{"count":0,"href":"https:\/\/escribocreativo.com\/blog\/wp-json\/wp\/v2\/posts\/4731\/revisions"}],"wp:attachment":[{"href":"https:\/\/escribocreativo.com\/blog\/wp-json\/wp\/v2\/media?parent=4731"}],"wp:term":[{"taxonomy":"category","embeddable":true,"href":"https:\/\/escribocreativo.com\/blog\/wp-json\/wp\/v2\/categories?post=4731"},{"taxonomy":"post_tag","embeddable":true,"href":"https:\/\/escribocreativo.com\/blog\/wp-json\/wp\/v2\/tags?post=4731"}],"curies":[{"name":"wp","href":"https:\/\/api.w.org\/{rel}","templated":true}]}}