{"id":4738,"date":"2009-11-09T19:21:56","date_gmt":"2009-11-09T19:21:56","guid":{"rendered":"http:\/\/poesiamas.net\/blog\/?p=4738"},"modified":"2015-03-14T00:51:14","modified_gmt":"2015-03-14T00:51:14","slug":"dime-que-periodico-lees-y-te-dire-tu-ideologia","status":"publish","type":"post","link":"https:\/\/escribocreativo.com\/blog\/2009\/11\/09\/dime-que-periodico-lees-y-te-dire-tu-ideologia\/","title":{"rendered":"Dime qu\u00e9 peri\u00f3dico lees y te dir\u00e9 tu ideolog\u00eda"},"content":{"rendered":"<p style=\"text-align: justify;\"><a href=\"https:\/\/escribocreativo.com\/blog\/wp-content\/uploads\/2009\/11\/newspapers.jpg\"><img loading=\"lazy\" decoding=\"async\" class=\"alignleft size-medium wp-image-4739\" title=\"newspapers\" src=\"https:\/\/escribocreativo.com\/blog\/wp-content\/uploads\/2009\/11\/newspapers-300x263.jpg\" alt=\"newspapers\" width=\"300\" height=\"263\" \/><\/a>\u00bfCrees que seg\u00fan el peri\u00f3dico que lee la gente podemos definir su ideolog\u00eda? Es decir: si uno lee <em>ABC<\/em>, te llaman mon\u00e1rquico y conservador. Si uno lee <em>La Raz\u00f3n<\/em>, te da un cierto airecillo a derecha rancia y trasnochada; si <em>El Pa\u00eds<\/em>, <em>sociata<\/em>; si <em>El mundo<\/em>, te ves hasta los v\u00eddeos de la web de Pedro &#8220;Jota&#8221;.<\/p>\n<p style=\"text-align: justify;\">\u00bfY qu\u00e9 ocurre con los que leen varios diarios al d\u00eda? \u00bfVan de intelectualoides, de sobreinformados, de ciudadanos del mundo, o simplemente tienen mucho tiempo para leerse las m\u00e1s de cincuenta p\u00e1ginas de media por peri\u00f3dico? \u00bfO de lectura comprensiva vamos m\u00e1s bien escasos? Tal vez un <em>broker<\/em> lea cuatro peri\u00f3dicos\/d\u00eda, pero tan s\u00f3lo la parte de econom\u00eda y ah\u00ed puede que en dos horitas&#8230; aunque imagino que se dedicar\u00e1 a leer prensa especializada en su profesi\u00f3n.<\/p>\n<p><strong>La relaci\u00f3n diario -&gt; ideolog\u00eda, parece ir de esta forma:<\/strong><\/p>\n<p><!--more--><\/p>\n<p style=\"text-align: justify;\">1) El Pa\u00eds: Sociata, izquierdoso, pro-imperialista (PRISA) y, adem\u00e1s, antiaznariano por definici\u00f3n. Oyes la SER, ves el f\u00fatbol en el Canal Digital + y adem\u00e1s eres un antipedrojota radical.<\/p>\n<p style=\"text-align: justify;\">2) El Mundo: Pedrojotero, anti-PRISA m\u00e1s que anti-gobierno, descubreconspiraciones y atrapacorruptos. Antes o\u00edas la Cope, pero te has ido tras los pasos de Federico en esRadio. Lo tuyo es el sentido del humor y ver <em>El gato al agua<\/em> sin Omeoprazol -anti\u00e1cido-.<\/p>\n<p style=\"text-align: justify;\">3) ABC: Mon\u00e1rquico, mas\u00f3n y probablemente mayor de 50 a\u00f1os. En caso contrario, h\u00e1gaselo revisar.<\/p>\n<p style=\"text-align: justify;\">4) La Raz\u00f3n: Eres de los de Vizca\u00edno-Casas, 30 a\u00f1os despu\u00e9s y, adem\u00e1s, terco como una mula. Mon\u00e1rquico pero con un cierto aire de &#8220;antes est\u00e1bamos mucho mejor, con el del bigote, aunque no me voy muy atr\u00e1s que se me cae el disfraz&#8221;.<\/p>\n<p style=\"text-align: justify;\">5) P\u00fablico: Pro-Zapatero, pro-gobierno, y un mont\u00f3n de pros. Pr\u00e1cticamente se te considera un agitador dispuesto a morir por tu \u00eddolo ZP.<\/p>\n<p style=\"text-align: justify;\">6) Peri\u00f3dicos regionales: meterte con tus \u00eddolos locales y saber qu\u00e9 grado de delincuencia existe en tu ciudad.<\/p>\n<p style=\"text-align: justify;\">7) Extranjeros: eres el no va m\u00e1s. Por eso no te llaman a las reuniones de amigos, porque eres un pedante y adem\u00e1s vas de sobrado. &#8220;Hoy le\u00ed en el NYTimes que la inflaci\u00f3n bajar\u00e1, pero si Obama no arregla la sanidad privada a Europa nos llegar\u00e1 una ola en la que el Euribor se incrementar\u00e1 un 14%, y este caf\u00e9 que nos tomamos nos costar\u00e1 30 c\u00e9ntimos m\u00e1s ma\u00f1ana mismo&#8221;. T\u00fa te lo has buscado.<\/p>\n<p style=\"text-align: center;\">\u00bfEst\u00e1s de acuerdo con estas definiciones, o crees que est\u00e1n hechas desde una perspectiva de izquierdas?<\/p>\n<h1 style=\"text-align: center;\">\u00bfY t\u00fa, qu\u00e9 peri\u00f3dico lees, o cu\u00e1ntos?<\/h1>\n<p>P.d.: los que no leen peri\u00f3dicos no s\u00e9 si cometen un error o viven mejor. Habr\u00e1 que mirarlos con detenimiento a ver qu\u00e9 parece que son: felices o amargados. \ud83d\ude00<\/p>\n<p style=\"text-align: center;\">[email_link]\n","protected":false},"excerpt":{"rendered":"<p>\u00bfCrees que seg\u00fan el peri\u00f3dico que lee la gente podemos definir su ideolog\u00eda? Es decir: si uno lee ABC, te llaman mon\u00e1rquico y conservador. Si uno lee La Raz\u00f3n, te da un cierto airecillo a derecha rancia y trasnochada; si El Pa\u00eds, sociata; si El mundo, te ves hasta los v\u00eddeos de la web de Pedro &#8220;Jota&#8221;. \u00bfY qu\u00e9 ocurre[&#8230;]<\/p>\n","protected":false},"author":1,"featured_media":0,"comment_status":"open","ping_status":"open","sticky":false,"template":"","format":"standard","meta":{"footnotes":""},"categories":[3608],"tags":[49,907,1068,1074,1284,1608,1880,2560,2739],"class_list":["post-4738","post","type-post","status-publish","format-standard","hentry","category-literatura","tag-abc","tag-diario","tag-el-mundo","tag-el-pais","tag-federico-jimenez-losantos","tag-ideologia","tag-la-razon","tag-periodico","tag-publico"],"_links":{"self":[{"href":"https:\/\/escribocreativo.com\/blog\/wp-json\/wp\/v2\/posts\/4738","targetHints":{"allow":["GET"]}}],"collection":[{"href":"https:\/\/escribocreativo.com\/blog\/wp-json\/wp\/v2\/posts"}],"about":[{"href":"https:\/\/escribocreativo.com\/blog\/wp-json\/wp\/v2\/types\/post"}],"author":[{"embeddable":true,"href":"https:\/\/escribocreativo.com\/blog\/wp-json\/wp\/v2\/users\/1"}],"replies":[{"embeddable":true,"href":"https:\/\/escribocreativo.com\/blog\/wp-json\/wp\/v2\/comments?post=4738"}],"version-history":[{"count":0,"href":"https:\/\/escribocreativo.com\/blog\/wp-json\/wp\/v2\/posts\/4738\/revisions"}],"wp:attachment":[{"href":"https:\/\/escribocreativo.com\/blog\/wp-json\/wp\/v2\/media?parent=4738"}],"wp:term":[{"taxonomy":"category","embeddable":true,"href":"https:\/\/escribocreativo.com\/blog\/wp-json\/wp\/v2\/categories?post=4738"},{"taxonomy":"post_tag","embeddable":true,"href":"https:\/\/escribocreativo.com\/blog\/wp-json\/wp\/v2\/tags?post=4738"}],"curies":[{"name":"wp","href":"https:\/\/api.w.org\/{rel}","templated":true}]}}