{"id":4800,"date":"2009-11-14T18:12:30","date_gmt":"2009-11-14T18:12:30","guid":{"rendered":"http:\/\/poesiamas.net\/blog\/?p=4800"},"modified":"2015-03-11T13:48:03","modified_gmt":"2015-03-11T13:48:03","slug":"revista-de-prensa-alakrana-estatut-abertzale","status":"publish","type":"post","link":"https:\/\/escribocreativo.com\/blog\/2009\/11\/14\/revista-de-prensa-alakrana-estatut-abertzale\/","title":{"rendered":"Revista de prensa: Alakrana, Estatut, Abertzale"},"content":{"rendered":"<p style=\"text-align: justify;\"><a href=\"https:\/\/escribocreativo.com\/blog\/wp-content\/uploads\/2009\/11\/kiosco-actual.jpg\"><img loading=\"lazy\" decoding=\"async\" class=\"alignleft size-medium wp-image-4801\" style=\"margin: 5px;\" title=\"kiosco actual\" src=\"https:\/\/escribocreativo.com\/blog\/wp-content\/uploads\/2009\/11\/kiosco-actual-300x225.jpg\" alt=\"kiosco actual\" width=\"240\" height=\"180\" \/><\/a>Me llaman la atenci\u00f3n, poderosamente, tres temas de la prensa de hoy s\u00e1bado. He visitado, por este orden, las ediciones digitales de <em><a href=\"http:\/\/elpais.com\" target=\"_blank\">El Pa\u00eds<\/a>, <a href=\"http:\/\/elmundo.es\" target=\"_blank\">El mundo<\/a> <\/em>y <em><a href=\"http:\/\/www.publico.es\/\" target=\"_blank\">P\u00fablico<\/a>.<\/em><\/p>\n<p style=\"text-align: justify;\">No s\u00e9 en qu\u00e9 grado son m\u00e1s importantes unas que otras, y aunque se espera que todo se solucione lo mejor posible voy a situar la preocupaci\u00f3n por los secuestrados por encima de los otros asuntos.<\/p>\n<p style=\"text-align: justify;\"><strong>Alakrana<\/strong><\/p>\n<p style=\"text-align: justify;\">Parece l\u00f3gico pensar que un estado no puede acceder al chantaje. Y, por otra parte, que las negociaciones deben mantenerse en un escrupuloso silencio aunque los periodistas hagan preguntas insidiosas. Se vislumbran errores de juicio en el horizonte: enviar a la Audiencia a los dos piratas prisioneros no parece sino una gran torpeza.<\/p>\n<p style=\"text-align: justify;\"><!--more--><\/p>\n<p style=\"text-align: justify;\">La desolaci\u00f3n y angustia de las familias acompa\u00f1an este tipo de disyuntivas: \u00bfsi decimos que s\u00ed a las exigencias de los piratas, seremos un pa\u00eds expuesto a m\u00e1s secuestros? \u00bfSacrificamos esta posibilidad para salvar vidas ahora, a riesgo de perderlas ma\u00f1ana?<\/p>\n<p style=\"text-align: justify;\">No me gustar\u00eda estar en la piel de los que tienen que tomar decisiones, pero s\u00ed me gustar\u00eda que lo hicieran los expertos en este tipo de situaciones l\u00edmites. Esperemos que vuelvan todos sanos y salvos. Y buscar, al tiempo, soluciones de futuro para proteger nuestros barcos.<\/p>\n<p style=\"text-align: justify;\"><strong>Estatut<\/strong><\/p>\n<p style=\"text-align: justify;\">CiU lo tiene muy claro: si el Tribunal Constitucional recorta el Estatuto de Catalu\u00f1a, habr\u00e1 movilizaciones. En romano paladino, esto quiere decir que un partido pol\u00edtico va a movilizar a sus fieles porque la m\u00e1xima estancia jur\u00eddica de este pa\u00eds puede que no comparta su visi\u00f3n del Estatuto.<\/p>\n<p style=\"text-align: justify;\">M\u00e1s all\u00e1 de recortes o de que el Estatuto plantee problemas de constitucionalidad, debe haber una sentencia firme por parte del Tribunal Constitucional. Entre otras cosas, para marcar la hoja de ruta de futuros estatutos auton\u00f3micos, y derivar en los otros planteados a ra\u00edz del catal\u00e1n.<\/p>\n<p style=\"text-align: justify;\">Las calles no est\u00e1n para exigir a los jueces que arrimen las brasas a nuestro fuego. Entiendo que hay que salir a la calle cuando un tribunal popular declara inocente a un hombre tras haber quemado a su novia embarazada.<\/p>\n<p style=\"text-align: justify;\">\u00bfEstamos preparados los ciudadanos para juzgar en tribunales populares? \u00bfHay que tomar las calles de forma unilateral porque un tribunal que nos representa <strong>a todos<\/strong> puede que decida una sentencia no tan favorable a nuestros intereses?<\/p>\n<p style=\"text-align: justify;\">CiU y ERC, que apoya el Estauto tal cual est\u00e1, se ponen la venda antes que la herida. No hay nada m\u00e1s f\u00e1cil que llamar a la insurrecci\u00f3n bas\u00e1ndose en las l\u00edneas argumentales t\u00edpicas de las formaciones nacionalistas. A fin de cuentas, s\u00f3lo hacen lo que les resulta natural a su organismo.<\/p>\n<p style=\"text-align: justify;\"><strong>Izquierda Abertzale<\/strong><\/p>\n<p style=\"text-align: justify;\">Ha sido en Venecia. La izquierda abertzale ha propuesto una negociaci\u00f3n cuya hoja de ruta sigue el plan de paz irland\u00e9s.<\/p>\n<p style=\"text-align: justify;\">En el comunicado no hay nada nuevo:<\/p>\n<blockquote>\n<p style=\"text-align: justify;\">Por otro lado, debe establecerse un proceso de negociaci\u00f3n entre ETA y el Estado espa\u00f1ol que verse sobre la <strong>desmilitarizaci\u00f3n<\/strong> del pa\u00eds (vasco), la <strong>liberaci\u00f3n de presos pol\u00edticos vascos<\/strong>, la <strong>vuelta de los exiliados<\/strong> y un <strong>tratamiento justo y equitativo al conjunto de v\u00edctimas<\/strong> del conflicto.<\/p>\n<\/blockquote>\n<p style=\"text-align: justify;\">Al ser preguntada por ETA, la abogada de Otegi ha dicho:<\/p>\n<blockquote>\n<p style=\"text-align: justify;\">Esto es solo el principio. Yo espero que ETA d\u00e9 la bienvenida a la declaraci\u00f3n, y si Madrid libera a los presos, no veo porqu\u00e9 ETA no deber\u00eda declarar un alto el fuego definitivo. Eso ser\u00eda lo l\u00f3gico. En la menci\u00f3n de los principios Mitchell est\u00e1 impl\u00edcita la obligaci\u00f3n de renunciar a la violencia y entregar las armas. Y yo tengo la esperanza de que ETA declare el alto el fuego permanente.<\/p>\n<\/blockquote>\n<p style=\"text-align: justify;\">Ah, \u00bfespera usted que ETA declare el alto el fuego? \u00bfPor qu\u00e9 no me resulta nuevo este deseo? En fin: hablen ustedes primero con ETA, y luego hagan sus preciosos comunicados. Porque despu\u00e9s del mismo estamos\u00a0 en el panorama del d\u00eda anterior, es decir, en ninguna parte. El D\u00eda de la Marmota <em>ad infinitum<\/em>.<\/p>\n<p style=\"text-align: justify;\"><strong>P.d.<\/strong>: de Rajoy y Zapatero no comento nada porque me tienen aburrido, y curiosamente por la misma causa: la sensaci\u00f3n cansina de pasividad.<\/p>\n<p style=\"text-align: center;\">[email_link]\n","protected":false},"excerpt":{"rendered":"<p>Me llaman la atenci\u00f3n, poderosamente, tres temas de la prensa de hoy s\u00e1bado. He visitado, por este orden, las ediciones digitales de El Pa\u00eds, El mundo y P\u00fablico. No s\u00e9 en qu\u00e9 grado son m\u00e1s importantes unas que otras, y aunque se espera que todo se solucione lo mejor posible voy a situar la preocupaci\u00f3n por los secuestrados por encima[&#8230;]<\/p>\n","protected":false},"author":1,"featured_media":0,"comment_status":"open","ping_status":"open","sticky":false,"template":"","format":"standard","meta":{"footnotes":""},"categories":[10],"tags":[51,105,1216],"class_list":["post-4800","post","type-post","status-publish","format-standard","hentry","category-la-ciudad-reflexiva","tag-abertzale","tag-alakrana","tag-estatut"],"_links":{"self":[{"href":"https:\/\/escribocreativo.com\/blog\/wp-json\/wp\/v2\/posts\/4800","targetHints":{"allow":["GET"]}}],"collection":[{"href":"https:\/\/escribocreativo.com\/blog\/wp-json\/wp\/v2\/posts"}],"about":[{"href":"https:\/\/escribocreativo.com\/blog\/wp-json\/wp\/v2\/types\/post"}],"author":[{"embeddable":true,"href":"https:\/\/escribocreativo.com\/blog\/wp-json\/wp\/v2\/users\/1"}],"replies":[{"embeddable":true,"href":"https:\/\/escribocreativo.com\/blog\/wp-json\/wp\/v2\/comments?post=4800"}],"version-history":[{"count":0,"href":"https:\/\/escribocreativo.com\/blog\/wp-json\/wp\/v2\/posts\/4800\/revisions"}],"wp:attachment":[{"href":"https:\/\/escribocreativo.com\/blog\/wp-json\/wp\/v2\/media?parent=4800"}],"wp:term":[{"taxonomy":"category","embeddable":true,"href":"https:\/\/escribocreativo.com\/blog\/wp-json\/wp\/v2\/categories?post=4800"},{"taxonomy":"post_tag","embeddable":true,"href":"https:\/\/escribocreativo.com\/blog\/wp-json\/wp\/v2\/tags?post=4800"}],"curies":[{"name":"wp","href":"https:\/\/api.w.org\/{rel}","templated":true}]}}