{"id":4882,"date":"2009-11-29T15:24:48","date_gmt":"2009-11-29T15:24:48","guid":{"rendered":"http:\/\/poesiamas.net\/blog\/?p=4882"},"modified":"2009-11-29T15:24:48","modified_gmt":"2009-11-29T15:24:48","slug":"notificar-comentarios-en-la-ciudad-y-mi-abuelo-volvio","status":"publish","type":"post","link":"https:\/\/escribocreativo.com\/blog\/2009\/11\/29\/notificar-comentarios-en-la-ciudad-y-mi-abuelo-volvio\/","title":{"rendered":"Notificar comentarios en La ciudad y Mi abuelo volvi\u00f3"},"content":{"rendered":"<p style=\"text-align: justify;\"><a href=\"https:\/\/escribocreativo.com\/blog\/wp-content\/uploads\/2009\/11\/email-icon-page.gif\"><img loading=\"lazy\" decoding=\"async\" class=\"alignleft size-medium wp-image-4883\" style=\"margin: 5px;\" title=\"email-icon-page\" src=\"https:\/\/escribocreativo.com\/blog\/wp-content\/uploads\/2009\/11\/email-icon-page-300x203.gif\" alt=\"email-icon-page\" width=\"240\" height=\"162\" \/><\/a><strong>Ya est\u00e1 disponible la opci\u00f3n de notificar por correo electr\u00f3nico a los comentarios<\/strong> que hagas tanto aqu\u00ed, en <strong>La ciudad de un bill\u00f3n de sue\u00f1os<\/strong>, como en la bit\u00e1cora de <strong><a href=\"https:\/\/escribocreativo.com\/blogabuelo\" target=\"_blank\">Mi abuelo volvi\u00f3 de la guerra<\/a><\/strong>.<\/p>\n<p style=\"text-align: justify;\">Simplemente marca la casilla que aparece al final del formulario de comentarios &#8211;<strong>Notificarme de respuestas a mi comentario<\/strong>&#8211; y te llegar\u00e1 un correo inform\u00e1ndote si alguien ha respondido al mismo.<\/p>\n<p style=\"text-align: justify;\">\n<p style=\"text-align: justify;\">Para suscribirte a los contenidos, puedes <a href=\"https:\/\/escribocreativo.com\/blog\/feed\/\"><strong>suscribirte por RSS<\/strong><\/a> o bien <strong>suscribirte por correo electr\u00f3nico<\/strong>, en el que\u00a0recibir\u00e1s notificaciones cuando se publiquen nuevos at\u00edculos. <strong>\u00a1Un abrazo! <\/strong>\ud83d\ude00<\/p>\n<p style=\"text-align: justify;\"><span style=\"font-size: x-small;\"><strong>Imagen: <a href=\"http:\/\/www.cowartelementary.org\/?PageName=LatestNews&amp;Section=Highlights\" target=\"_blank\">Cowart<\/a>.<\/strong><\/span><\/p>\n<p style=\"text-align: center;\">[email_link]\n","protected":false},"excerpt":{"rendered":"<p>Ya est\u00e1 disponible la opci\u00f3n de notificar por correo electr\u00f3nico a los comentarios que hagas tanto aqu\u00ed, en La ciudad de un bill\u00f3n de sue\u00f1os, como en la bit\u00e1cora de Mi abuelo volvi\u00f3 de la guerra. Simplemente marca la casilla que aparece al final del formulario de comentarios &#8211;Notificarme de respuestas a mi comentario&#8211; y te llegar\u00e1 un correo inform\u00e1ndote[&#8230;]<\/p>\n","protected":false},"author":1,"featured_media":0,"comment_status":"open","ping_status":"open","sticky":false,"template":"","format":"standard","meta":{"footnotes":""},"categories":[3],"tags":[651,745,1111,2370,2849,2924,3159],"class_list":["post-4882","post","type-post","status-publish","format-standard","hentry","category-web-20","tag-comentario","tag-correo-electronico","tag-email","tag-notificar","tag-respuesta","tag-rss","tag-suscripcion-comentarios"],"_links":{"self":[{"href":"https:\/\/escribocreativo.com\/blog\/wp-json\/wp\/v2\/posts\/4882","targetHints":{"allow":["GET"]}}],"collection":[{"href":"https:\/\/escribocreativo.com\/blog\/wp-json\/wp\/v2\/posts"}],"about":[{"href":"https:\/\/escribocreativo.com\/blog\/wp-json\/wp\/v2\/types\/post"}],"author":[{"embeddable":true,"href":"https:\/\/escribocreativo.com\/blog\/wp-json\/wp\/v2\/users\/1"}],"replies":[{"embeddable":true,"href":"https:\/\/escribocreativo.com\/blog\/wp-json\/wp\/v2\/comments?post=4882"}],"version-history":[{"count":0,"href":"https:\/\/escribocreativo.com\/blog\/wp-json\/wp\/v2\/posts\/4882\/revisions"}],"wp:attachment":[{"href":"https:\/\/escribocreativo.com\/blog\/wp-json\/wp\/v2\/media?parent=4882"}],"wp:term":[{"taxonomy":"category","embeddable":true,"href":"https:\/\/escribocreativo.com\/blog\/wp-json\/wp\/v2\/categories?post=4882"},{"taxonomy":"post_tag","embeddable":true,"href":"https:\/\/escribocreativo.com\/blog\/wp-json\/wp\/v2\/tags?post=4882"}],"curies":[{"name":"wp","href":"https:\/\/api.w.org\/{rel}","templated":true}]}}