{"id":4894,"date":"2009-11-30T18:19:04","date_gmt":"2009-11-30T18:19:04","guid":{"rendered":"http:\/\/poesiamas.net\/blog\/?p=4894"},"modified":"2009-11-30T18:19:04","modified_gmt":"2009-11-30T18:19:04","slug":"haidar-la-dignidad-y-sus-hijos","status":"publish","type":"post","link":"https:\/\/escribocreativo.com\/blog\/2009\/11\/30\/haidar-la-dignidad-y-sus-hijos\/","title":{"rendered":"Haidar, la dignidad y sus hijos"},"content":{"rendered":"<p style=\"text-align: justify;\"><a href=\"https:\/\/escribocreativo.com\/blog\/wp-content\/uploads\/2009\/11\/earth_on_fire.jpg\"><img loading=\"lazy\" decoding=\"async\" class=\"aligncenter size-full wp-image-4895\" title=\"earth_on_fire\" src=\"https:\/\/escribocreativo.com\/blog\/wp-content\/uploads\/2009\/11\/earth_on_fire.jpg\" alt=\"earth_on_fire\" width=\"227\" height=\"245\" \/><\/a><\/p>\n<blockquote>\n<p style=\"text-align: justify;\"><strong>P.<\/strong> Usted tiene dos hijos peque\u00f1os. \u00bfHa pensado en qu\u00e9 ser\u00eda de ellos si usted muriese?<\/p>\n<p style=\"text-align: justify;\"><strong>R.<\/strong><br \/>\nTengo dos hijos, pero tambi\u00e9n tengo mi dignidad, que est\u00e1 por encima de<br \/>\nmis hijos. Lo que ha sucedido es un ataque a mi dignidad que no puedo<br \/>\naceptar. Entre mis hijos y mi dignidad, prefiero mi dignidad. Ellos<br \/>\nvivir\u00e1n sin madre, pero con dignidad.<\/p>\n<p style=\"text-align: justify;\"><a href=\"http:\/\/www.elpais.com\/articulo\/espana\/pense\/Gobierno\/le\/haria\/favor\/sucio\/Marruecos\/elpepunac\/20091128elpepinac_7\/Tes\" target=\"_blank\">Entrevista en ElPais.com<\/a> a Aminetur Haidar, activista en huelga de hambre, en Lanzarote.<\/p>\n<\/blockquote>\n<p style=\"text-align: justify;\">Activista tiene un matiz sem\u00e1ntico peyorativo, probablemente por culpa de los gobiernos, que siempre han buscado la forma de desligitimarlos: arrojan c\u00f3cteles Molotov, hacen manifestaciones salvajes y donde van aparece el caos social.<\/p>\n<p style=\"text-align: justify;\">Dicho esto, \u00bfhasta d\u00f3nde pueden llegar las ideas? \u00bfPuede el mundo de las ideas convivir con las necesidades reales? Las palabras de Haidar me han afectado profundamente. Me han producido un rechazo. Podr\u00eda decirse que son atroces. Prefiere la dignidad propia a sus hijos. \u00bfQu\u00e9 es la dignidad, sino una creaci\u00f3n del hombre, un sentimiento real y que tiene que ver con la sensaci\u00f3n de sentirnos desnudos? Claro que Haidar tiene el derecho, si se siente as\u00ed, de manifesarlo y de usar las herramientas que considere oportunas para que la traten con justicia, como es la huelga de hambre.<\/p>\n<p style=\"text-align: justify;\"><!--more--><\/p>\n<p style=\"text-align: justify;\">Lo que me resulta curioso es c\u00f3mo una activista de los derechos humanos, o al menos es as\u00ed como se la describe en los medios de comunicaci\u00f3n, <strong>no tiene en cuenta los derechos de sus hijos<\/strong>: a una educaci\u00f3n, a una familia -si as\u00ed conviene-, a recibir cari\u00f1o y atenciones, etc. En un mundo en el que se cometen barbaridades contra los m\u00e1s indefensos, escuchar que puede haber una causa lo suficientemente fuerte como para que prefiera la dignidad, y que razone que est\u00e1 por encima de sus hijos, es un s\u00edntoma de los extremos a que nos lleva este mundo loco.<\/p>\n<p style=\"text-align: justify;\">Si los terroristas que se inmolan, provocando masacres, lo hacen porque llevan sus ideas al extremo de dar su propia vida por una causa, \u00bfestamos ante un caso an\u00e1logo, con matices diferentes? \u00bfNo puede acaso continuar Haidar su lucha en un perfecto estado de salud, o hacerlo de forma consecuente, pero sin arriesgar a sus propios hijos? \u00bfPor qu\u00e9 tienen que aceptar ellos la decisi\u00f3n de su madre sin que les genere conflictos en el futuro? Lo pueden respetar, s\u00ed, pero este tipo de conductas s\u00f3lo lleva a herencias que perpetuar\u00e1n una forma de enfrentarse a los conflictos que generar\u00e1 m\u00e1s odio y desencuentro.<\/p>\n<p style=\"text-align: justify;\">En el ecologismo tambi\u00e9n hay l\u00edderes -un l\u00edder simplemente es alguien al que siguen muchos otros- de lo extremo: aquellos que anteponen, igualmente, los animales por encima de las personas\u00a0 o cualquier otra idea similar y llevan sus ideas hasta las \u00faltimas consecuencias: esto es, arriesgando sus vidas e inclusive las de sus seguidores, cuando no las de otros.<\/p>\n<p style=\"text-align: justify;\">Las ideas est\u00e1n, considero, para iluminarnos el camino. Para encontrar nuevas v\u00edas. Podemos protestar, manifestarnos, hacer ruido, mostrar nuestro desencanto. La democracia tiene una v\u00eda poderosa que es el voto. Aunque a veces resulta coja, es una herramienta universal y al tiempo ha demostrado que provoca cambios, y por lo tanto nuevos caminos para enfrentarse al mundo y al futuro.<\/p>\n<p style=\"text-align: justify;\">Un activista, ya sea del pueblo saharaui o del tabaco en pipa, tanto me da, no deber\u00eda esgrimir las ideas como quien blande bombas at\u00f3micas. Las ideas las transportamos personas. Pero no nos subamos en ellas como si fueran el \u00faltimo salvavidas en el oc\u00e9ano: las ideas no nos conforman, no son nuestra esencia.<\/p>\n<p style=\"text-align: justify;\">S\u00f3lo los que siguen vivos y generan amor a su alrededor pueden seguir de pie, construyendo la nueva v\u00eda que\u00a0 desarrolle ese cambio que se busca.<\/p>\n<p style=\"text-align: justify;\">De nada sirve que los hijos de Haidar tengan que seguir el suyo con la cruz de su madre al pie del camino.<\/p>\n<p style=\"text-align: justify;\"><span style=\"font-size: x-small;\"><strong>Imagen: <a href=\"http:\/\/frankpaulgambino.wordpress.com\/2009\/09\/27\/is-the-survival-of-earth-contingent-to-mankind\/\" target=\"_blank\">FrankPaulGambino<\/a>.<\/strong><\/span><\/p>\n<p style=\"text-align: center;\">[email_link]\n","protected":false},"excerpt":{"rendered":"<p>P. Usted tiene dos hijos peque\u00f1os. \u00bfHa pensado en qu\u00e9 ser\u00eda de ellos si usted muriese? R. Tengo dos hijos, pero tambi\u00e9n tengo mi dignidad, que est\u00e1 por encima de mis hijos. Lo que ha sucedido es un ataque a mi dignidad que no puedo aceptar. Entre mis hijos y mi dignidad, prefiero mi dignidad. Ellos vivir\u00e1n sin madre, pero[&#8230;]<\/p>\n","protected":false},"author":1,"featured_media":0,"comment_status":"open","ping_status":"open","sticky":false,"template":"","format":"standard","meta":{"footnotes":""},"categories":[10],"tags":[71,924,1263,1505,1537],"class_list":["post-4894","post","type-post","status-publish","format-standard","hentry","category-la-ciudad-reflexiva","tag-activismo","tag-dignidad","tag-extremismo","tag-haidar","tag-hijos"],"_links":{"self":[{"href":"https:\/\/escribocreativo.com\/blog\/wp-json\/wp\/v2\/posts\/4894","targetHints":{"allow":["GET"]}}],"collection":[{"href":"https:\/\/escribocreativo.com\/blog\/wp-json\/wp\/v2\/posts"}],"about":[{"href":"https:\/\/escribocreativo.com\/blog\/wp-json\/wp\/v2\/types\/post"}],"author":[{"embeddable":true,"href":"https:\/\/escribocreativo.com\/blog\/wp-json\/wp\/v2\/users\/1"}],"replies":[{"embeddable":true,"href":"https:\/\/escribocreativo.com\/blog\/wp-json\/wp\/v2\/comments?post=4894"}],"version-history":[{"count":0,"href":"https:\/\/escribocreativo.com\/blog\/wp-json\/wp\/v2\/posts\/4894\/revisions"}],"wp:attachment":[{"href":"https:\/\/escribocreativo.com\/blog\/wp-json\/wp\/v2\/media?parent=4894"}],"wp:term":[{"taxonomy":"category","embeddable":true,"href":"https:\/\/escribocreativo.com\/blog\/wp-json\/wp\/v2\/categories?post=4894"},{"taxonomy":"post_tag","embeddable":true,"href":"https:\/\/escribocreativo.com\/blog\/wp-json\/wp\/v2\/tags?post=4894"}],"curies":[{"name":"wp","href":"https:\/\/api.w.org\/{rel}","templated":true}]}}