{"id":4955,"date":"2009-12-04T18:10:38","date_gmt":"2009-12-04T18:10:38","guid":{"rendered":"http:\/\/poesiamas.net\/blog\/?p=4955"},"modified":"2009-12-04T18:10:38","modified_gmt":"2009-12-04T18:10:38","slug":"manifiesto-internet-no-te-va-a-gustar-lo-que-vas-a-leer","status":"publish","type":"post","link":"https:\/\/escribocreativo.com\/blog\/2009\/12\/04\/manifiesto-internet-no-te-va-a-gustar-lo-que-vas-a-leer\/","title":{"rendered":"Manifiesto Internet: no te va a gustar lo que vas a leer"},"content":{"rendered":"<p style=\"text-align: justify;\"><a href=\"https:\/\/escribocreativo.com\/blog\/wp-content\/uploads\/2009\/12\/ccssh.jpeg\"><img loading=\"lazy\" decoding=\"async\" class=\"alignleft size-full wp-image-4956\" style=\"margin: 5px;\" title=\"ccssh\" src=\"https:\/\/escribocreativo.com\/blog\/wp-content\/uploads\/2009\/12\/ccssh.jpeg\" alt=\"ccssh\" width=\"129\" height=\"129\" \/><\/a>Las reacciones de algunos gur\u00fas de la red tras la reuni\u00f3n con la Ministra de Cultura me ha dejado varias conclusiones, casi todas decepcionantes.<\/p>\n<p style=\"text-align: justify;\">En primer lugar, que Internet no es precisamente un lugar donde brillen los intelectuales. M\u00e1s bien apoya mi teor\u00eda de que cualquiera -yo soy un cualquiera- con un poquito de esto y de lo otro se monta un blog y de ah\u00ed al estrellato hay un paso. La calidad de la blogosfera espa\u00f1ola es&#8230; baja tirando a p\u00e9sima.<\/p>\n<p style=\"text-align: justify;\">Las consecuencias de la reuni\u00f3n se pueden leer hoy en la portada de Bitacoras.com, en los peri\u00f3dicos nacionales y en las bit\u00e1coras de los asistentes.<\/p>\n<p style=\"text-align: justify;\">Me llama la atenci\u00f3n un titular en Bitacoras.com: <a title=\"Concentraciones a favor de la libertad de Internet en todo el pa\u00eds\" rel=\"bookmark\" href=\"http:\/\/bitacoras.com\/noticias\/archivos\/concentraciones-a-favor-de-la-libertad-de-internet-en-todo-el-pais.php\">Concentraciones a favor de la libertad de Internet en todo el pa\u00eds.<br \/>\n<\/a><\/p>\n<p style=\"text-align: justify;\">\u00bfExplico la tonter\u00eda? Veamos: \u00bfla libertad de Internet? Querr\u00e1 decir:<\/p>\n<p style=\"text-align: justify;\"><!--more--><\/p>\n<p style=\"text-align: center;\">La libertad de descargarme contenidos con derechos de autor por la jeta.<\/p>\n<p style=\"text-align: justify;\">Vamos a coger el toro por los cuernos. Resulta que alguien, en Espa\u00f1a, tiene un sitio donde enlaza a otros lugares para descargar contenidos gratis, que tienen derechos de autor y pertenecen a quien pertenecen. O las pel\u00edculas, la m\u00fasica y la literatura surgen de forma espont\u00e1nea. A esas personas que lo creen, les confesar\u00e9 algo m\u00e1s doloroso que descubrir qui\u00e9nes son los Reyes Magos:<\/p>\n<blockquote>\n<p style=\"text-align: justify;\">Cuando eras adolescente la ropa no aparec\u00eda m\u00e1gicamente doblada y planchada en tu ropero. Era tu madre -por lo general- la que se sacrificaba para que un z\u00e1ngano como t\u00fa saliera guapito y a meterla por ah\u00ed los fines de semana, y si eres mujer a lo mismo con la variante obligada por tu aparato reproductor.<\/p>\n<\/blockquote>\n<h2 style=\"text-align: center;\">Las cosas, amigo\/a, SON de ALGUIEN.<\/h2>\n<p style=\"text-align: justify;\">La falacia de &#8220;La Libertad de Internet&#8221; subleva a tres o cuatro que no saben nada de mayo del 68 y piensan que porque escriban en la red realmente a la sociedad y al gobierno les importa un pepino -o seis-. No me importan a m\u00ed y deambulo por la red y me siento parte de esa masa cibern\u00e9tica a la que s\u00f3lo une usar un mismo medio. Es como si dij\u00e9ramos: los usuarios de trenes de la ruta equis, por usarlo, somos un colectivo. Bueno, pues hay tantos colectivos en el mundo como imaginaci\u00f3n queramos.<\/p>\n<p style=\"text-align: justify;\">Entre los que han escrito, veamos algunas de las tonter\u00edas -en la perspectiva de Forrest Gump- que a mi humilde juicio escribi\u00f3 Enrique Dans en su art\u00edculo sobre la reuni\u00f3n (ya advierto que son tantas que igual me queda largo el tema):<\/p>\n<blockquote>\n<p style=\"text-align: justify;\"><em>Un n\u00famero creciente de participantes nos fuimos reuniendo en un bar de la zona para ponernos de acuerdo en los objetivos de la reuni\u00f3n.<\/em><\/p>\n<p style=\"text-align: justify;\">A ver: un gobierno prepara un anteproyecto de ley, que por m\u00e1s que haga un desastre de gesti\u00f3n con la crisis econ\u00f3mica y cientos de detalles m\u00e1s no deja de ser un se\u00f1or gobierno, y prepara una reuni\u00f3n&#8230; y a los convocados se les avisa por separado y ellos, de motu propio, se re\u00fanen en un bar para ponerse de acuerdo sobre los objetivos. \u00a1Pero si cada uno es de su padre y su madre! En primer lugar: \u00bfhab\u00eda objetivos? En segundo: no hace falta ser un experto en estrategias de negociaci\u00f3n para intuir que la posici\u00f3n d\u00e9bil la tienen ellos, y que es el terreno donde los pol\u00edticos se manejan como nadie. \u00bfEn un bar? Un apunte: mi postura, junto con la de muchos, no apareci\u00f3 en esa reuni\u00f3n.<\/p>\n<\/blockquote>\n<blockquote>\n<p style=\"text-align: justify;\"><em>\u00bfLa decisi\u00f3n de levantarnos? Puede ser pol\u00e9mica, pero yo me estaba representando a m\u00ed mismo, y yo no quiero sentir que estoy perdiendo el tiempo en una reuni\u00f3n as\u00ed.<\/em><\/p>\n<p style=\"text-align: justify;\">Lo primero que s\u00e9 es que te representas a ti mismo, y el gobierno, que es listo, sabe que a los egoc\u00e9ntricos de la red les encanta pensar para s\u00ed mismos. Elijamos a muchos peque\u00f1os l\u00edderes convencidos de que su idea es la correcta, junt\u00e9moslos y apliquemos lo de: div\u00eddelos y vencer\u00e1s. \u00bfHan habido reuniones serias, aunque sea v\u00eda Google Docs? \ud83d\udc7f \u00bfHan analizado si hay gente que tiene posturas diferentes al <em>todo gratis en la red forever and ever<\/em>? Y lo que es m\u00e1s importante: Que Enrique Dans o el vecino del quinto se levante de una mesa de negociaci\u00f3n del gobierno no le hace parecer C\u00e1ndido M\u00e9ndez, aunque a \u00e9l le parezca muy digno y elegante -ser\u00e1 porque no representa derechos de miles de personas y no ha sido elegido por votaci\u00f3n democr\u00e1tica por nadie, se\u00f1or Dans-: a m\u00ed me da risa ver que en una reuni\u00f3n preliminar uno se levanta porque no oye lo que quiere o\u00edr, y m\u00e1s a nivel particular cuando, oye, te has reunido en un bar hace unas horas para, entre ca\u00f1a y ca\u00f1a, decidir qu\u00e9 decimos \ud83d\udc7f . Un sindicato es una cosa seria. Opinar sobre Internet y la red y la madre del cordero todos los d\u00edas es gratis.<\/p>\n<p style=\"text-align: justify;\"><em>No cabe duda: Internet ha madurado. En lo sucesivo, dudo que haya gobernantes que se atrevan a tomar decisiones que afecten a la red sin consultar con la red.<\/em><\/p>\n<p style=\"text-align: justify;\">La parte de agradecimientos de twitteos y dem\u00e1s para apoyar la manifestaci\u00f3n y levantar las masas rebeldes contra la canalla roja -uy, perd\u00f3n, se me meti\u00f3 <a href=\"https:\/\/escribocreativo.com\/blogabuelo\" target=\"_blank\">el blog sobre mi abuelo en la Guerra Civil<\/a> entre los dedos- est\u00e1 muy visto y es pat\u00e9tico. Hagamos manifestaciones contra la violencia de g\u00e9nero, contra la xenofobia, etc. etc., pero tonter\u00edas las justas: manifestarse por los derechos fundamentales es una cosa, y en lo que se ha transformado la red -un lugar para conseguir gratis contenidos por los que hay que pagar fuera de ella- y querere que todo siga igual, dici\u00e9ndoles a los artistas que es su problema porque su modelo de negocio es obsoleto y que mientras van a seguir sin cobrar lo que merecen por su obra, es otra. Si se consiguen privilegios pisando otros -derechos de autor-, flaco favor hacemos. Pero me falta un dato de este p\u00e1rrafo del se\u00f1or Dans: \u00bfInternet ha madurado? \u00bfDudas que haya gobernantes&#8230;?\u00a0 Los gobernantes se mueven en funci\u00f3n de los votos que pueden o no dejar de perder, en \u00faltimo caso -o en primero, seg\u00fan el susodicho-: a m\u00ed me da risa la manifestaci\u00f3n, a Zapatero ni te cuento. La repercusi\u00f3n de la misma la veremos en cifras en los peri\u00f3dicos a lo largo de estos d\u00edas. Me asombrar\u00eda ver poco m\u00e1s de unos miles de personas. En serio. Tambi\u00e9n habr\u00eda que preguntarles, en encuestas an\u00f3nimas, cu\u00e1ntos usan el P2P y si alguna vez se han descargado contenidos con derechos de autor.<\/p>\n<p style=\"text-align: justify;\">-Yo no. S\u00f3lo la uso para informarme e intercambiar cultura de forma legal y altruista, para que la cultura viaje a todos los rincones del mundo y creemos un planeta m\u00e1s justo y rico.<\/p>\n<p style=\"text-align: justify;\">-Pero mira, que la encuesta es an\u00f3nima.<\/p>\n<p style=\"text-align: justify;\">-Bueno. Alguna vez que otra.<\/p>\n<\/blockquote>\n<p style=\"text-align: justify;\"><a href=\"http:\/\/www.elpais.com\/articulo\/cultura\/diablo\/detalles\/elpepicul\/20091204elpepicul_4\/Tes\" target=\"_blank\">Dejo un art\u00edculo que me resulta acertad\u00edsimo en sus planteamientos<\/a>, explicando con precisi\u00f3n <strong>mis<\/strong> dos preocupaciones b\u00e1sicas: los derechos de autor y la intromisi\u00f3n de un gobierno en Internet poniendo en peligro la privacidad de los usuarios -\u00a1y contra esto s\u00ed que combato!-. Lo recomiendo encarecidamente a todos aquellos que han visto que igual tienen que dejar de ver cine gratis, o\u00edr m\u00fasica gratis -\u00a1pero si tienes Spotify! \ud83d\udc7f &#8211; y dem\u00e1s contenidos protegidos.<\/p>\n<p style=\"text-align: justify;\">Por cierto, <a href=\"https:\/\/escribocreativo.com\/blog\/2009\/12\/04\/rebatiendo-el-manifiesto-en-defensa-de-los-derechos-fundamentales-en-internet\/\">el manifiesto apesta<\/a>, pero no quise mencionar otros puntos. Eso de que hay que inventar otro sistema para proteger contenidos y el reciclaje de la industria es como si yo digo que la Constituci\u00f3n reconoce el derecho a una vivienda o a trabajar. Para decir perogrulladas mejor no decir nada. El caso es que, en lo que llega ese nuevo sistema innovador y m\u00e1gico -del que, por supuesto, los firmantes del manifiesto no tienen <strong>ni PUTA idea<\/strong>-,\u00a0 \u00bfqu\u00e9 hacemos mientras?<\/p>\n<p style=\"text-align: justify;\">\u00a1Ay, que estas Navidades, en vez de pavo, se cena el gobierno la gallina de los huevos de oro del <em>todo gratis<\/em>! Yo entiendo que no guste. Pero hombre, inf\u00f3rmate un poco, ten sentido cr\u00edtico, no dejes que nadie piense por ti, y si alguna vez te encuentras que est\u00e1s solo frente a todos, por m\u00e1s que compartas el esp\u00edritu de la letra, puede que tengas m\u00e1s raz\u00f3n que todos los dem\u00e1s. Por el hecho de ser masa no les otorga raz\u00f3n de forma autom\u00e1tica.<\/p>\n<p style=\"text-align: justify;\">Qu\u00e9 poco nivel intelectual y qu\u00e9 capacidad para decir memeces tienen estos sujetos que, bajo el r\u00e1nking de visitas, dicen liderar la red espa\u00f1ola.<\/p>\n<p style=\"text-align: justify;\">-Eso son tonter\u00edas tuyas, Julio. Yo me represento a m\u00ed mismo, y no tengo culpa de que me visiten cien mil personas mensuales.<\/p>\n<p style=\"text-align: justify;\">-Pues la pr\u00f3xima vez s\u00e9 consecuente y di que no vas.<\/p>\n<p style=\"text-align: justify;\">Llegar\u00e1n tiempos mejores -por lo que nos conviene-. Por cierto, soy malo: todo lo que he dicho <a href=\"http:\/\/blogs.publico.es\/manel\/1695\/mas-de-lo-mismo\/\" target=\"_blank\">lo dibuj\u00f3 Manel Fontdevila, con m\u00e1s humor<\/a>. Manel, que te machaquen: \u00a1la creaci\u00f3n no es un valor social, porque todo es consumo! Qu\u00e9 pa\u00eds, joder, qu\u00e9 pa\u00eds -joder, joder, joder-. \ud83d\ude00<\/p>\n<h2 style=\"text-align: justify;\"><strong>Por cierto: \u00bfpor qu\u00e9 a esa reuni\u00f3n no fue ninguna mujer? \u00bfNo hay paridad en Internet?<\/strong><\/h2>\n<h2 style=\"text-align: justify;\"><strong>MANIFESTACI\u00d3N AL CANTO POR LA IGUALDAD EN INTERNET. O es que no hay mujeres con blogs interesantes, relevantes y con opini\u00f3n propia. Pues eso.<\/strong><\/h2>\n<p style=\"text-align: justify;\">Qu\u00e9 pa\u00eds, joder, qu\u00e9 pa\u00eds -joder, joder, joder-. \ud83d\udc7f<\/p>\n<p style=\"text-align: justify;\"><span style=\"font-size: x-small;\"><strong>Imagen: <a href=\"http:\/\/fitv.bligoo.com\/tag\/propiedadindustrial\" target=\"_blank\">fitv.bligoo.com<\/a>.<\/strong><\/span><\/p>\n<p style=\"text-align: center;\">[email_link]\n<p style=\"text-align: justify;\">\n<p style=\"text-align: justify;\">\n","protected":false},"excerpt":{"rendered":"<p>Las reacciones de algunos gur\u00fas de la red tras la reuni\u00f3n con la Ministra de Cultura me ha dejado varias conclusiones, casi todas decepcionantes. En primer lugar, que Internet no es precisamente un lugar donde brillen los intelectuales. M\u00e1s bien apoya mi teor\u00eda de que cualquiera -yo soy un cualquiera- con un poquito de esto y de lo otro se[&#8230;]<\/p>\n","protected":false},"author":1,"featured_media":0,"comment_status":"open","ping_status":"open","sticky":false,"template":"","format":"standard","meta":{"footnotes":""},"categories":[3],"tags":[871,880,1450,2085,2466,3544],"class_list":["post-4955","post","type-post","status-publish","format-standard","hentry","category-web-20","tag-derechos-autor","tag-descargas","tag-gonzalez-sinde","tag-manifiesto-internet","tag-p2p","tag-zapatero"],"_links":{"self":[{"href":"https:\/\/escribocreativo.com\/blog\/wp-json\/wp\/v2\/posts\/4955","targetHints":{"allow":["GET"]}}],"collection":[{"href":"https:\/\/escribocreativo.com\/blog\/wp-json\/wp\/v2\/posts"}],"about":[{"href":"https:\/\/escribocreativo.com\/blog\/wp-json\/wp\/v2\/types\/post"}],"author":[{"embeddable":true,"href":"https:\/\/escribocreativo.com\/blog\/wp-json\/wp\/v2\/users\/1"}],"replies":[{"embeddable":true,"href":"https:\/\/escribocreativo.com\/blog\/wp-json\/wp\/v2\/comments?post=4955"}],"version-history":[{"count":0,"href":"https:\/\/escribocreativo.com\/blog\/wp-json\/wp\/v2\/posts\/4955\/revisions"}],"wp:attachment":[{"href":"https:\/\/escribocreativo.com\/blog\/wp-json\/wp\/v2\/media?parent=4955"}],"wp:term":[{"taxonomy":"category","embeddable":true,"href":"https:\/\/escribocreativo.com\/blog\/wp-json\/wp\/v2\/categories?post=4955"},{"taxonomy":"post_tag","embeddable":true,"href":"https:\/\/escribocreativo.com\/blog\/wp-json\/wp\/v2\/tags?post=4955"}],"curies":[{"name":"wp","href":"https:\/\/api.w.org\/{rel}","templated":true}]}}