{"id":4964,"date":"2009-12-08T18:52:09","date_gmt":"2009-12-08T18:52:09","guid":{"rendered":"http:\/\/poesiamas.net\/blog\/?p=4964"},"modified":"2009-12-08T18:52:09","modified_gmt":"2009-12-08T18:52:09","slug":"mujeres-blogueras-en-la-elite","status":"publish","type":"post","link":"https:\/\/escribocreativo.com\/blog\/2009\/12\/08\/mujeres-blogueras-en-la-elite\/","title":{"rendered":"\u00bfMujeres blogueras en la \u00e9lite?"},"content":{"rendered":"<p style=\"text-align: center;\"><a href=\"https:\/\/escribocreativo.com\/blog\/wp-content\/uploads\/2009\/12\/ministraszp.jpg\"><img loading=\"lazy\" decoding=\"async\" class=\"aligncenter size-full wp-image-4965\" title=\"ministraszp\" src=\"https:\/\/escribocreativo.com\/blog\/wp-content\/uploads\/2009\/12\/ministraszp.jpg\" alt=\"ministraszp\" width=\"448\" height=\"336\" \/><\/a><span style=\"font-size: x-small;\"><strong>Ministras de ZP. Imagen: Adn.es.<\/strong><\/span><\/p>\n<p style=\"text-align: justify;\">Prometo no continuar con el asunto de la reuni\u00f3n del gobierno de Espa\u00f1a con una \u00e9lite de blogueros y la manifestaci\u00f3n f\u00edsica -casi imperceptible- posterior.<\/p>\n<p style=\"text-align: justify;\"><a href=\"https:\/\/escribocreativo.com\/blog\/2009\/12\/04\/manifiesto-internet-no-te-va-a-gustar-lo-que-vas-a-leer\/\">Ya dije, grosso modo, lo que pensaba<\/a>. Pero entre las dudas colea una, y me genera una gran curiosidad:<\/p>\n<h3 style=\"text-align: justify;\">\u00bfPor qu\u00e9 no fue llamada ninguna mujer a representar a los internautas en la elecci\u00f3n que hizo el gobierno?<\/h3>\n<p style=\"text-align: justify;\">Lo que, a su vez, me genera varias m\u00e1s:<\/p>\n<p style=\"text-align: justify;\"><!--more--><\/p>\n<ol style=\"text-align: justify;\">\n<li>\u00bfNo existen blogueras entre las m\u00e1s le\u00eddas de la red?<\/li>\n<li>\u00bfAcaso no hay mujeres que escriben bit\u00e1coras excelentes?<\/li>\n<li style=\"text-align: justify;\">Si no hay ninguna que ocupe un r\u00e1nking por ser le\u00edda, y s\u00ed por tener una bit\u00e1cora de excelente calidad, \u00bfpor qu\u00e9 no fue llamada?<\/li>\n<li style=\"text-align: justify;\">\u00bfSi no se llama a ninguna mujer, quiere decir que hay un perfil de bloguero que el gobierno decidi\u00f3 llamar amparado en qu\u00e9 premisas?<\/li>\n<li style=\"text-align: justify;\">\u00bfNo existe paridad en Internet, como no la hay en la vida real, y tiene su l\u00f3gica porque la red es un volcado sociol\u00f3gico aproximado de la vida no virtual?<\/li>\n<li style=\"text-align: justify;\"><strong>\u00bfPor qu\u00e9 no se ha quejado ninguna ni nadie ha puesto el grito en el cielo, hombre o mujer, al no ver que esa representaci\u00f3n de g\u00e9nero no estaba en esa reuni\u00f3n?<\/strong><\/li>\n<\/ol>\n<p style=\"text-align: justify;\">Por favor, si conoces bit\u00e1coras de calidad, escritas por mujeres inteligentes, sensibles, con una capacidad de an\u00e1lisis interesante, dif\u00fandelas.<\/p>\n<p style=\"text-align: justify;\">Porque flaco favor nos hacemos a nosotros mismos si no aportamos desde todos los frentes. Hay m\u00e1s, pero no deja de sorprenderme el perfil de los que fueron llamados a la reuni\u00f3n y sin mujer de por medio -que yo sepa, si no fue as\u00ed por favor que me desmientan a la voz de \u00a1ya! y me env\u00eden su bit\u00e1cora para leerla-.<\/p>\n<p style=\"text-align: justify;\">En cuanto al perfil de los que fueron llamados por su visibilidad en cuanto a visitantes o su repercusi\u00f3n medi\u00e1tica, no s\u00e9 si esto basta para que nos representen a todos. \u00bfPueden haber elecciones democr\u00e1ticas en la red? \u00bfLa AI nos representa a todos?<\/p>\n<p style=\"text-align: justify;\">Puede que Internet sea una nueva forma de autogobierno. Pero no me gustan esas frases que encierran una especie de &#8220;los gobernantes, a partir de ahora, tendr\u00e1n que tener en cuenta lo que se piense en Internet&#8221;. Porque primero tenemos que dilucidar qu\u00e9 es lo que se piensa, y qui\u00e9n. Y si cabemos todos.<\/p>\n<p style=\"text-align: justify;\"><strong>No vaya a ser que repitamos mensajes caducos<\/strong>.<\/p>\n<p style=\"text-align: justify;\">Dejo dos cuestiones que tambi\u00e9n me dejan incertidumbre:<\/p>\n<ol style=\"text-align: justify;\">\n<li>\u00bfQuiz\u00e1s las mujeres que podr\u00edan haber sido seleccionadas no hubieran acudido a la reuni\u00f3n porque pensar\u00edan, acertadamente, que no se representan sino a ellas mismas?<\/li>\n<li>\u00bfAcaso muchas de ellas desprecian o se r\u00eden de esa visibilidad o repercusi\u00f3n en la red, que no es sino una suma estad\u00edstica condicionada por el autobombo de los que creen formar una \u00e9lite?<\/li>\n<\/ol>\n<p style=\"text-align: justify;\">En ambos casos, me gustar\u00eda pensar que alguna de ellas responder\u00eda que s\u00ed a las dos cuestiones,\u00a0 porque considero que la inteligencia no entiende de sexos. Am\u00e9n. \ud83d\ude00<\/p>\n<p style=\"text-align: center;\">[email_link]\n","protected":false},"excerpt":{"rendered":"<p>Ministras de ZP. Imagen: Adn.es. Prometo no continuar con el asunto de la reuni\u00f3n del gobierno de Espa\u00f1a con una \u00e9lite de blogueros y la manifestaci\u00f3n f\u00edsica -casi imperceptible- posterior. Ya dije, grosso modo, lo que pensaba. Pero entre las dudas colea una, y me genera una gran curiosidad: \u00bfPor qu\u00e9 no fue llamada ninguna mujer a representar a los[&#8230;]<\/p>\n","protected":false},"author":1,"featured_media":0,"comment_status":"open","ping_status":"open","sticky":false,"template":"","format":"standard","meta":{"footnotes":""},"categories":[3],"tags":[368,370,1104,1679,2081,2271,2496],"class_list":["post-4964","post","type-post","status-publish","format-standard","hentry","category-web-20","tag-blogs","tag-blogueras","tag-elite","tag-internet","tag-manifestacion","tag-mujer","tag-paridad"],"_links":{"self":[{"href":"https:\/\/escribocreativo.com\/blog\/wp-json\/wp\/v2\/posts\/4964","targetHints":{"allow":["GET"]}}],"collection":[{"href":"https:\/\/escribocreativo.com\/blog\/wp-json\/wp\/v2\/posts"}],"about":[{"href":"https:\/\/escribocreativo.com\/blog\/wp-json\/wp\/v2\/types\/post"}],"author":[{"embeddable":true,"href":"https:\/\/escribocreativo.com\/blog\/wp-json\/wp\/v2\/users\/1"}],"replies":[{"embeddable":true,"href":"https:\/\/escribocreativo.com\/blog\/wp-json\/wp\/v2\/comments?post=4964"}],"version-history":[{"count":0,"href":"https:\/\/escribocreativo.com\/blog\/wp-json\/wp\/v2\/posts\/4964\/revisions"}],"wp:attachment":[{"href":"https:\/\/escribocreativo.com\/blog\/wp-json\/wp\/v2\/media?parent=4964"}],"wp:term":[{"taxonomy":"category","embeddable":true,"href":"https:\/\/escribocreativo.com\/blog\/wp-json\/wp\/v2\/categories?post=4964"},{"taxonomy":"post_tag","embeddable":true,"href":"https:\/\/escribocreativo.com\/blog\/wp-json\/wp\/v2\/tags?post=4964"}],"curies":[{"name":"wp","href":"https:\/\/api.w.org\/{rel}","templated":true}]}}