{"id":4996,"date":"2009-12-10T13:45:45","date_gmt":"2009-12-10T13:45:45","guid":{"rendered":"http:\/\/poesiamas.net\/blog\/?p=4996"},"modified":"2015-03-11T13:48:03","modified_gmt":"2015-03-11T13:48:03","slug":"choques-la-obamamania-recibe-el-nobel-de-la-paz","status":"publish","type":"post","link":"https:\/\/escribocreativo.com\/blog\/2009\/12\/10\/choques-la-obamamania-recibe-el-nobel-de-la-paz\/","title":{"rendered":"Choques: la Obamaman\u00eda recibe el Nobel de la Paz"},"content":{"rendered":"<p style=\"text-align: center;\"><a href=\"https:\/\/escribocreativo.com\/blog\/wp-content\/uploads\/2009\/12\/clown.jpg\"><img loading=\"lazy\" decoding=\"async\" class=\"aligncenter size-medium wp-image-4997\" title=\"clown\" src=\"https:\/\/escribocreativo.com\/blog\/wp-content\/uploads\/2009\/12\/clown-259x300.jpg\" alt=\"clown\" width=\"259\" height=\"300\" \/><\/a><span style=\"font-size: x-small;\"><strong>Imagen de un personaje del c\u00f3mic <a href=\"http:\/\/www.spawn.com\/\" target=\"_blank\">Spawn<\/a>: <a href=\"http:\/\/media.photobucket.com\/image\/clown%20spawn\/DISTURBED11211\/clown.jpg\" target=\"_blank\">photobucket<\/a>.<\/strong><\/span><\/p>\n<p style=\"text-align: justify;\">El Nobel de la Paz se lo han dado a la <em>Obamaman\u00eda<\/em> y a sus discursos: es innegable que Barack Obama tiene el don de la palabra. Pero a la persona Barack Obama no se lo han podido dar. Un presidente en guerra recibe el Premio Nobel de la Paz y los amaneceres se ti\u00f1en de rojo en los horizontes del mundo.<\/p>\n<p style=\"text-align: justify;\">No se lo han podido dar porque el presidente Obama, que lleva menos de un a\u00f1o en el cargo de presidente de los EE.UU., ya enviado tropas a Afganist\u00e1n, y del conflicto dijo en campa\u00f1a que era una guerra que hab\u00eda que ganar s\u00ed o s\u00ed.<\/p>\n<p style=\"text-align: justify;\"><!--more--><\/p>\n<p style=\"text-align: justify;\">En su discurso del Nobel de la Paz ha dicho, entre otras cosas, que si tiene que usar el ej\u00e9rcito para defender&#8230; lo que sea (democracia, paz, etc.) que haya que defender, no le temblar\u00e1 el pulso -\u00bfcu\u00e1ntas veces, en nombre de grandes ideales, se ha excusado la mayor barbarie?-. Para garantizar la paz, parece decir, hay veces en que la guerra es el \u00fanico medio. Creo que cuando se trata con Osama Bin Laden debe ser complicado no usar la guerra para luchar contra su terrorismo. Pero, lamentablemente, el Nobel de la Paz debe ser otra cosa, o eso creemos: por esa regla de tres, habr\u00eda que condecorar a cientos de generales que han obtenido victorias a lo largo de la historia para liberar dictaduras, opresiones, etc.<\/p>\n<p style=\"text-align: justify;\">\u00bfPatinazo de la Academia Sueca? No es el primero. Miren la lista de escritores universales que jam\u00e1s han recibido el premio y p\u00f3nganse a llorar. \u00bfUno al azar? Borges.<\/p>\n<p style=\"text-align: justify;\"><strong>Choques: <\/strong>La imagen del payaso asesino es una dicotom\u00eda en s\u00ed misma (el concepto de un payaso y el de un asesino, en un s\u00f3lo personaje: da p\u00e1nico). El concepto de un presidente de un pa\u00eds que se caracteriza por su belicismo, entre otras bondades, y estando en guerra recibe el Nobel de la paz sin haber conseguido un \u00e9xito de pacificaci\u00f3n o una determinaci\u00f3n en asuntos concretos,\u00a0 es otra dicotom\u00eda: esta vez, amarga.<\/p>\n<p style=\"text-align: center;\">[email_link]\n<p style=\"text-align: justify;\">\n","protected":false},"excerpt":{"rendered":"<p>Imagen de un personaje del c\u00f3mic Spawn: photobucket. El Nobel de la Paz se lo han dado a la Obamaman\u00eda y a sus discursos: es innegable que Barack Obama tiene el don de la palabra. Pero a la persona Barack Obama no se lo han podido dar. Un presidente en guerra recibe el Premio Nobel de la Paz y los[&#8230;]<\/p>\n","protected":false},"author":1,"featured_media":0,"comment_status":"open","ping_status":"open","sticky":false,"template":"","format":"standard","meta":{"footnotes":""},"categories":[10],"tags":[87,288,348,1485,2350,2525],"class_list":["post-4996","post","type-post","status-publish","format-standard","hentry","category-la-ciudad-reflexiva","tag-afganistan","tag-barack-obama","tag-bin-laden","tag-guerra","tag-nobel-de-la-paz","tag-paz"],"_links":{"self":[{"href":"https:\/\/escribocreativo.com\/blog\/wp-json\/wp\/v2\/posts\/4996","targetHints":{"allow":["GET"]}}],"collection":[{"href":"https:\/\/escribocreativo.com\/blog\/wp-json\/wp\/v2\/posts"}],"about":[{"href":"https:\/\/escribocreativo.com\/blog\/wp-json\/wp\/v2\/types\/post"}],"author":[{"embeddable":true,"href":"https:\/\/escribocreativo.com\/blog\/wp-json\/wp\/v2\/users\/1"}],"replies":[{"embeddable":true,"href":"https:\/\/escribocreativo.com\/blog\/wp-json\/wp\/v2\/comments?post=4996"}],"version-history":[{"count":0,"href":"https:\/\/escribocreativo.com\/blog\/wp-json\/wp\/v2\/posts\/4996\/revisions"}],"wp:attachment":[{"href":"https:\/\/escribocreativo.com\/blog\/wp-json\/wp\/v2\/media?parent=4996"}],"wp:term":[{"taxonomy":"category","embeddable":true,"href":"https:\/\/escribocreativo.com\/blog\/wp-json\/wp\/v2\/categories?post=4996"},{"taxonomy":"post_tag","embeddable":true,"href":"https:\/\/escribocreativo.com\/blog\/wp-json\/wp\/v2\/tags?post=4996"}],"curies":[{"name":"wp","href":"https:\/\/api.w.org\/{rel}","templated":true}]}}