{"id":5090,"date":"2010-01-04T17:37:15","date_gmt":"2010-01-04T17:37:15","guid":{"rendered":"http:\/\/poesiamas.net\/blog\/?p=5090"},"modified":"2010-01-04T17:37:15","modified_gmt":"2010-01-04T17:37:15","slug":"2010-cambios","status":"publish","type":"post","link":"https:\/\/escribocreativo.com\/blog\/2010\/01\/04\/2010-cambios\/","title":{"rendered":"2010: cambios."},"content":{"rendered":"<p style=\"text-align: justify;\"><a href=\"https:\/\/escribocreativo.com\/blog\/wp-content\/uploads\/2010\/01\/feliz2010w.gif\"><img loading=\"lazy\" decoding=\"async\" class=\"aligncenter size-full wp-image-5092\" title=\"feliz2010w\" src=\"https:\/\/escribocreativo.com\/blog\/wp-content\/uploads\/2010\/01\/feliz2010w.gif\" alt=\"\" width=\"369\" height=\"300\" \/><\/a>Han pasado cuatro d\u00edas desde 2009 y me pregunto si ha cambiado algo. \u00bfTe has hecho esa misma pregunta y no sabes qu\u00e9 contestar? Te dar\u00e9 una pista:<\/p>\n<blockquote style=\"text-align: justify;\">\n<p style=\"text-align: center;\">Han cambiado los dos \u00faltimos d\u00edgitos, 09 por 10.<\/p>\n<\/blockquote>\n<p style=\"text-align: justify;\">\u00a1Qu\u00e9 chistoso, el Julio!, estar\u00e1s pensando. Ese es otro cambio que tampoco has percibido: que este a\u00f1o se ha recompuesto -milagrosamente- tu interconexi\u00f3n neuronal.<\/p>\n<p style=\"text-align: justify;\">\u00bfM\u00e1s cambios? Obama no es tan bueno como parec\u00eda ser y se equivoca -como todo el que tiene boca-; Zapatero es tan malo como sospech\u00e1bamos que podr\u00eda serlo y a fuerza de repetir tonter\u00edas se las ha ido creyendo -pobre- y Rajoy es m\u00e1s invisible que antes -\u00bfd\u00f3nde se ha metido en Navidad?-. Qu\u00e9 generaci\u00f3n de pol\u00edticos m\u00e1s pat\u00e9tica tenemos en este pa\u00eds. El tercer problema seg\u00fan el \u00faltimo sondeo de poblaci\u00f3n son los pol\u00edticos. Esto comienza a ser m\u00e1s que preocupante.<\/p>\n<p style=\"text-align: justify;\">M\u00e1s cambios: <strong>ha aparecido una nueva Gram\u00e1tica de la Real Academia Espa\u00f1ola<\/strong> y tengo una gran noticia para ti:<\/p>\n<blockquote style=\"text-align: justify;\">\n<p style=\"text-align: justify;\">Dominas la mayor parte de esa gram\u00e1tica de forma innata.<\/p>\n<\/blockquote>\n<p style=\"text-align: justify;\"><!--more--><\/p>\n<p style=\"text-align: justify;\">La otra buena es que esa Gram\u00e1tica Espa\u00f1ola recoge usos de otros pa\u00edses, con lo que ampliamos el <em>corpus<\/em>, y que en aquellas dudas de uso toma partido por una forma concreta -lo que es un alivio- y en otras recomienda -dej\u00e1ndolo a gusto del consumidor-. Lo importante, ahora, es que esa Gram\u00e1tica Espa\u00f1ola est\u00e9 disponible en Internet para que todos podamos acudir a ella en caso de duda.<\/p>\n<p style=\"text-align: justify;\">Otros cambios menores: te gusta m\u00e1s el sexo, te has dado cuenta de cosas que antes te pasaban desapercibidas, que mejorar\u00edan tu vida,\u00a0 pero&#8230; \u00a1todav\u00eda no est\u00e1s preparado para cambiar porque el ni\u00f1o\/la ni\u00f1a interior te posee! Exorcismo al canto.<\/p>\n<p style=\"text-align: justify;\">\u00bfM\u00e1s cambios? Te has dado cuenta de que los Reyes Magos son muy particulares en sus gustos y entre lo que deseas y lo que te regalan hay un trecho largo. Y sospechas que el idioma es una gran barrera de comunicaci\u00f3n, visto lo visto.<\/p>\n<p style=\"text-align: justify;\">Te dir\u00e9 algo que permanece y que es v\u00e1lido para cada nuevo a\u00f1o -aunque no te consolar\u00e1, me consta-:<\/p>\n<blockquote>\n<h3 style=\"text-align: center;\"><strong>La esperanza es<\/strong><\/h3>\n<h3 style=\"text-align: center;\"><strong> lo \u00faltimo que se pierde. <\/strong><\/h3>\n<p style=\"text-align: center;\">\ud83d\ude00<\/p>\n<\/blockquote>\n<p style=\"text-align: center;\">[email_link]\n","protected":false},"excerpt":{"rendered":"<p>Han pasado cuatro d\u00edas desde 2009 y me pregunto si ha cambiado algo. \u00bfTe has hecho esa misma pregunta y no sabes qu\u00e9 contestar? Te dar\u00e9 una pista: Han cambiado los dos \u00faltimos d\u00edgitos, 09 por 10. \u00a1Qu\u00e9 chistoso, el Julio!, estar\u00e1s pensando. Ese es otro cambio que tampoco has percibido: que este a\u00f1o se ha recompuesto -milagrosamente- tu interconexi\u00f3n[&#8230;]<\/p>\n","protected":false},"author":1,"featured_media":0,"comment_status":"open","ping_status":"open","sticky":false,"template":"","format":"standard","meta":{"footnotes":""},"categories":[10],"tags":[454,1294],"class_list":["post-5090","post","type-post","status-publish","format-standard","hentry","category-la-ciudad-reflexiva","tag-cambios","tag-feliz-ano-nuevo"],"_links":{"self":[{"href":"https:\/\/escribocreativo.com\/blog\/wp-json\/wp\/v2\/posts\/5090","targetHints":{"allow":["GET"]}}],"collection":[{"href":"https:\/\/escribocreativo.com\/blog\/wp-json\/wp\/v2\/posts"}],"about":[{"href":"https:\/\/escribocreativo.com\/blog\/wp-json\/wp\/v2\/types\/post"}],"author":[{"embeddable":true,"href":"https:\/\/escribocreativo.com\/blog\/wp-json\/wp\/v2\/users\/1"}],"replies":[{"embeddable":true,"href":"https:\/\/escribocreativo.com\/blog\/wp-json\/wp\/v2\/comments?post=5090"}],"version-history":[{"count":0,"href":"https:\/\/escribocreativo.com\/blog\/wp-json\/wp\/v2\/posts\/5090\/revisions"}],"wp:attachment":[{"href":"https:\/\/escribocreativo.com\/blog\/wp-json\/wp\/v2\/media?parent=5090"}],"wp:term":[{"taxonomy":"category","embeddable":true,"href":"https:\/\/escribocreativo.com\/blog\/wp-json\/wp\/v2\/categories?post=5090"},{"taxonomy":"post_tag","embeddable":true,"href":"https:\/\/escribocreativo.com\/blog\/wp-json\/wp\/v2\/tags?post=5090"}],"curies":[{"name":"wp","href":"https:\/\/api.w.org\/{rel}","templated":true}]}}