{"id":5105,"date":"2010-01-06T02:20:11","date_gmt":"2010-01-06T02:20:11","guid":{"rendered":"http:\/\/poesiamas.net\/blog\/?p=5105"},"modified":"2010-01-06T02:20:11","modified_gmt":"2010-01-06T02:20:11","slug":"espiando-a-los-reyes-magos-a-las-202","status":"publish","type":"post","link":"https:\/\/escribocreativo.com\/blog\/2010\/01\/06\/espiando-a-los-reyes-magos-a-las-202\/","title":{"rendered":"Espiando a los Reyes Magos a las 2:02"},"content":{"rendered":"<p style=\"text-align: justify;\"><a href=\"https:\/\/escribocreativo.com\/blog\/wp-content\/uploads\/2010\/01\/reyesmagos.jpg\"><img loading=\"lazy\" decoding=\"async\" class=\"aligncenter size-medium wp-image-5107\" title=\"reyesmagos\" src=\"https:\/\/escribocreativo.com\/blog\/wp-content\/uploads\/2010\/01\/reyesmagos-300x285.jpg\" alt=\"\" width=\"300\" height=\"285\" \/><\/a><\/p>\n<p style=\"text-align: justify;\">Lugar: Espa\u00f1a, Islas Canarias, Las Palmas de Gran Canaria, Z\u00e1rate.<\/p>\n<p><small><a style=\"color: #0000ff; text-align: left;\" href=\"http:\/\/maps.google.es\/maps?f=q&amp;hl=es&amp;q=las%2Bpalmas%2Bde%2Bgran%2Bcanaria&amp;ie=UTF8&amp;om=1&amp;hq=&amp;hnear=Las+Palmas+de+Gran+Canaria,+Las+Palmas,+Islas+Canarias&amp;ll=28.147536,-15.421543&amp;spn=0.073111,0.110378&amp;z=13&amp;source=embed\">Ver mapa m\u00e1s grande<\/a><\/small><\/p>\n<p style=\"text-align: justify;\">Situaci\u00f3n: Me encuentro oculto tras las paredes del barranco, junto a los contenedores de basura. Huele que apesta.<\/p>\n<p style=\"text-align: justify;\">Preparaci\u00f3n: Camisa y pantal\u00f3n negros, playeras y calcetines negros, gorro rapero de color negro. Calzoncillos rojos -por aquello de la tradici\u00f3n-.<\/p>\n<p style=\"text-align: justify;\">Descripci\u00f3n: Melchor ha sido el primero en bajarse del camello. Los otros dos, Gaspar y Baltasar, siguen montados. Parece que no se ponen de acuerdo. Melchor, que tal vez por ir en cabeza es un poco el l\u00edder, les hace un gesto para que dejen de hablar. Gaspar se baja del camello y saca de una gran bolsa que lleva a la espalda un colch\u00f3n diminuto, que deja tras el camello de Baltasar\u00a0 que m\u00e1gicamente alcanza el tama\u00f1o de dos metros de largo por dos de ancho.<\/p>\n<p style=\"text-align: justify;\"><!--more--><\/p>\n<p style=\"text-align: justify;\">Baltasar se cae de espaldas.<\/p>\n<p style=\"text-align: justify;\">&#8220;Y se cay\u00f3&#8221;, reza la leyenda. Pues menuda gracia caerse as\u00ed en cada parada alrededor del mundo.<\/p>\n<p style=\"text-align: justify;\">Los tres camellos, guiados por una orden conjunta de los tres reyes, suben hasta el cielo y se sit\u00faan a la altura de la \u00faltima ventana de mi edificio, una torre de catorce pisos con tres alas.<\/p>\n<p style=\"text-align: justify;\">Los tres reyes ascienden como si fueran transportados por una cinta mec\u00e1nica invisible. A un chasquido de los dedos se abre la ventana. Uno de ellos entra con su bolsa de regalos, que no ser\u00eda mayor de un metro, y tras unos pocos segundos sale afuera. Cierra la ventana y descienden los reyes a la siguiente vivienda.<\/p>\n<p style=\"text-align: justify;\">Cuando acaban, hacen descender los camellos. En este tiempo han pasado dos rondas de la Guardia Civil y parece que o no los han visto o estaban absortos en sus pensamientos.<\/p>\n<p style=\"text-align: justify;\">Sigo anotando los movimientos.<\/p>\n<p style=\"text-align: justify;\">Cuando acaban en mi edificio, que parece ser el \u00fanico del barrio que faltaba por atender, salen trotando a paso ligero hacia la bifurcaci\u00f3n de salida. Baltasar parece discutir con Gaspar hacia d\u00f3nde dirigirse ahora. Melchor los manda callar y agita en el aire un precioso reloj de arena, como indic\u00e1ndoles que el amanecer estaba cerca.<\/p>\n<p style=\"text-align: justify;\">Volv\u00ed a casa.<\/p>\n<p style=\"text-align: justify;\">Me hab\u00edan dejado mis regalos, claro, este a\u00f1o me hab\u00eda portado m\u00e1s que bien, aunque no era precisamente lo que yo pensaba: un set de vigilancia ultramoderno, con sus prism\u00e1ticos nocturnos, su GPS y hasta un potent\u00edsimo grabador de sonidos de \u00faltima generaci\u00f3n.<\/p>\n<p style=\"text-align: justify;\">Al final va a resultar que son unos cachondos.<\/p>\n<p style=\"text-align: center;\">[email_link]\n","protected":false},"excerpt":{"rendered":"<p>Lugar: Espa\u00f1a, Islas Canarias, Las Palmas de Gran Canaria, Z\u00e1rate. Ver mapa m\u00e1s grande Situaci\u00f3n: Me encuentro oculto tras las paredes del barranco, junto a los contenedores de basura. Huele que apesta. Preparaci\u00f3n: Camisa y pantal\u00f3n negros, playeras y calcetines negros, gorro rapero de color negro. Calzoncillos rojos -por aquello de la tradici\u00f3n-. Descripci\u00f3n: Melchor ha sido el primero en[&#8230;]<\/p>\n","protected":false},"author":1,"featured_media":0,"comment_status":"open","ping_status":"open","sticky":false,"template":"","format":"standard","meta":{"footnotes":""},"categories":[10],"tags":[2814,2867],"class_list":["post-5105","post","type-post","status-publish","format-standard","hentry","category-la-ciudad-reflexiva","tag-regalos","tag-reyes-magos"],"_links":{"self":[{"href":"https:\/\/escribocreativo.com\/blog\/wp-json\/wp\/v2\/posts\/5105","targetHints":{"allow":["GET"]}}],"collection":[{"href":"https:\/\/escribocreativo.com\/blog\/wp-json\/wp\/v2\/posts"}],"about":[{"href":"https:\/\/escribocreativo.com\/blog\/wp-json\/wp\/v2\/types\/post"}],"author":[{"embeddable":true,"href":"https:\/\/escribocreativo.com\/blog\/wp-json\/wp\/v2\/users\/1"}],"replies":[{"embeddable":true,"href":"https:\/\/escribocreativo.com\/blog\/wp-json\/wp\/v2\/comments?post=5105"}],"version-history":[{"count":0,"href":"https:\/\/escribocreativo.com\/blog\/wp-json\/wp\/v2\/posts\/5105\/revisions"}],"wp:attachment":[{"href":"https:\/\/escribocreativo.com\/blog\/wp-json\/wp\/v2\/media?parent=5105"}],"wp:term":[{"taxonomy":"category","embeddable":true,"href":"https:\/\/escribocreativo.com\/blog\/wp-json\/wp\/v2\/categories?post=5105"},{"taxonomy":"post_tag","embeddable":true,"href":"https:\/\/escribocreativo.com\/blog\/wp-json\/wp\/v2\/tags?post=5105"}],"curies":[{"name":"wp","href":"https:\/\/api.w.org\/{rel}","templated":true}]}}