{"id":5110,"date":"2010-01-06T02:44:57","date_gmt":"2010-01-06T02:44:57","guid":{"rendered":"http:\/\/poesiamas.net\/blog\/?p=5110"},"modified":"2010-01-06T02:44:57","modified_gmt":"2010-01-06T02:44:57","slug":"y-si-me-trajeron-carbon","status":"publish","type":"post","link":"https:\/\/escribocreativo.com\/blog\/2010\/01\/06\/y-si-me-trajeron-carbon\/","title":{"rendered":"Y si me trajeron carb\u00f3n"},"content":{"rendered":"<p style=\"text-align: justify;\"><a href=\"https:\/\/escribocreativo.com\/blog\/wp-content\/uploads\/2010\/01\/carbon.jpg\"><img loading=\"lazy\" decoding=\"async\" class=\"aligncenter size-medium wp-image-5111\" title=\"carbon\" src=\"https:\/\/escribocreativo.com\/blog\/wp-content\/uploads\/2010\/01\/carbon-300x300.jpg\" alt=\"\" width=\"300\" height=\"300\" \/><\/a>\u00a1Te han tra\u00eddo carb\u00f3n y desesperas! Tal vez te piensas que no es nada justo que te hayan enviado carb\u00f3n como regalo. Y estoy de acuerdo contigo. Olv\u00eddate de esa famosa expresi\u00f3n, tan pat\u00e9tica, que dice:<\/p>\n<blockquote style=\"text-align: justify;\"><p>Si me traen carb\u00f3n, \u00a1hago un asadero y qu\u00e9 rico lo voy a montar!<\/p><\/blockquote>\n<p style=\"text-align: justify;\">Nada de eso:<\/p>\n<ol style=\"text-align: justify;\">\n<li>Todo el mundo sabe que es TU carb\u00f3n y que has sido malo mal\u00edsimo.<\/li>\n<li>Vas a preparar todo el asadero para no sentirte culpable y en el mismo ver\u00e1s los maravillosos regalos que llevar\u00e1n tus amigos, que s\u00ed se han portado bien y a los que NO les han tra\u00eddo carb\u00f3n.<\/li>\n<li>El que te dijo que hicieras el asadero jam\u00e1s ha abierto un regalo de Reyes donde hubiera carb\u00f3n.<\/li>\n<\/ol>\n<p><!--more--><\/p>\n<p style=\"text-align: justify;\">Es por eso que te recomiendo otras alternativas y aplicar la psicolog\u00eda inversa:<\/p>\n<ol style=\"text-align: justify;\">\n<li>Reclama. Estamos en el pa\u00eds de las reclamaciones. Correos igual no funciona del todo bien, pero env\u00eda una carta con franqueo donde les digas a los Reyes Magos que quieres que se pasen a recoger el carb\u00f3n que no lo necesitas, \u00a1aunque te lo merezcas!<\/li>\n<li>Reg\u00e1lalo, \u00a1mala persona!<\/li>\n<li>Haz una lista de cosas buenas que hayas hecho el a\u00f1o anterior, re\u00fane a tus amigos, l\u00e9ela y luego entre l\u00e1grimas ense\u00f1a el carb\u00f3n y di: \u00a1no es justo, no es justo!, aunque todos sabemos \u00a1que eres m\u00e1s malo que pegarle a un padre!<\/li>\n<li>Lanza indirectas negativas sobre los regalos de tus amigos. Te sentir\u00e1s mejor, ellos peor, y as\u00ed equilibras, \u00a1malo, que eres malo!<\/li>\n<li>No se te ocurra buscar un paneg\u00edrico sobre las bondades del carb\u00f3n vegetal y estar un mes lanzando teor\u00edas sobre \u00e9ste. Cornudos s\u00ed, pero apaleados no. En todo caso, desv\u00eda el tema y habla de la bolsa y los valores inmobiliarios o mejor \u00a1c\u00e1llate y no digas nada, mala persona!<\/li>\n<li>Hazte un blog.<\/li>\n<li>\u00bfTienes blog? Planta un \u00e1rbol. \u00bfYa lo has plantado? Escribe un libro. \u00a1Pero uno de los buenos, co\u00f1o! Lo de traer un hijo, si puedes evitarlo&#8230; \u00a1es que eres un padre al que regalan carb\u00f3n! S\u00e9 coherente, a\u00fan no est\u00e1s preparado, \u00a1eres m\u00e1s malo que Ca\u00edn!<\/li>\n<li>Gu\u00e1rdalo y reg\u00e1lalo a alg\u00fan amigo en su cumplea\u00f1os y cuando lo abra grita: &#8220;\u00a1Jajajaja, jajajaja!&#8221;, con tu tono de voz m\u00e1s exagerado e hip\u00f3crita. Fijo que alguien se r\u00ede contigo. Procuran que haya muchas personas en la fiesta para que la probabilidad de que otro gilipollas se r\u00eda contigo aumente. \u00a1<a href=\"https:\/\/escribocreativo.com\/blog\/2008\/11\/17\/historia-natural-de-mi-gilipollas-i\/\" target=\"_blank\">Hay gilipollas en todas partes<\/a>!<\/li>\n<li>Lee a Bucay. Bucay tiene soluciones para todas las vicisitudes de la vida: \u00bfque te coje un coche?, pregunta a Bucay, \u00bfuna depresi\u00f3n?, pregunta a Bucay, \u00bferes mala persona?, pregunta a Bucay, y si no tienes problemas al menos te deprimes por la mierda de persona que no puedes ser todav\u00eda y por no alcanzar el conocimiento y la felicidad eternas y al menos te olvidar\u00e1s del carb\u00f3n de los cojones y si por lo que sea te coges una depresi\u00f3n m\u00edrale el lado bueno que no es que yo crea que te la mereces pero lo pienso.<\/li>\n<li>Raja. En general, raja del gobierno, de la familia, de las mujeres, de los amigos, del vecino, del jefe, de Obama, de la cesta de la compra, del paro y de la crisis econ\u00f3mica, y si se te ocurre algo m\u00e1s, \u00a1sigue rajando! Te convertir\u00e1s en un amargado: o preguntas a Bucay -de nuevo-,\u00a0 o vas a tu ayuntamiento, pides permiso para acampar y hacer fuego -\u00a1importante eh!-, te vas solo una noche de s\u00e1bado (porque \u00a1qui\u00e9n quiere estar con una persona como t\u00fa, que eres m\u00e1s malo que la quina!), haces una fogata con el carb\u00f3n y te comes unos chorizos argentinos o lo que te d\u00e9 el sentido del gusto (que en tu caso es m\u00e1s bien un sinsentido, \u00a1que eres m\u00e1s malo que Judas!). Nada de esto funciona pero mantener la mente ocupada en otras cosas ayuda un mont\u00f3n, \u00a1aunque nada es suficiente para ese sentimiento en el que te sientes como una mierda pinchada en un palo!<\/li>\n<\/ol>\n<p style=\"text-align: justify;\">En fin, espero haberte dado alternativas o al menos sugerencias para ese momento dram\u00e1tico en que se destrozan todos tus sue\u00f1os y te sientes mala persona. Si alguno de los amables lectores tiene algunas sugerencias para estas situaciones desagradables, agradecer\u00edamos las mismas para ayudar a estos pobres desgraciaditos en estos tiempos tan duros para todos, aunque sepamos que, en el fondo, lo \u00fanico que merecen es nuestro desprecio. \ud83d\ude00<\/p>\n<p style=\"text-align: center;\">[email_link]\n","protected":false},"excerpt":{"rendered":"<p>\u00a1Te han tra\u00eddo carb\u00f3n y desesperas! Tal vez te piensas que no es nada justo que te hayan enviado carb\u00f3n como regalo. Y estoy de acuerdo contigo. Olv\u00eddate de esa famosa expresi\u00f3n, tan pat\u00e9tica, que dice: Si me traen carb\u00f3n, \u00a1hago un asadero y qu\u00e9 rico lo voy a montar! Nada de eso: Todo el mundo sabe que es TU[&#8230;]<\/p>\n","protected":false},"author":1,"featured_media":0,"comment_status":"open","ping_status":"open","sticky":false,"template":"","format":"standard","meta":{"footnotes":""},"categories":[10],"tags":[498,2814,2867],"class_list":["post-5110","post","type-post","status-publish","format-standard","hentry","category-la-ciudad-reflexiva","tag-carbon","tag-regalos","tag-reyes-magos"],"_links":{"self":[{"href":"https:\/\/escribocreativo.com\/blog\/wp-json\/wp\/v2\/posts\/5110","targetHints":{"allow":["GET"]}}],"collection":[{"href":"https:\/\/escribocreativo.com\/blog\/wp-json\/wp\/v2\/posts"}],"about":[{"href":"https:\/\/escribocreativo.com\/blog\/wp-json\/wp\/v2\/types\/post"}],"author":[{"embeddable":true,"href":"https:\/\/escribocreativo.com\/blog\/wp-json\/wp\/v2\/users\/1"}],"replies":[{"embeddable":true,"href":"https:\/\/escribocreativo.com\/blog\/wp-json\/wp\/v2\/comments?post=5110"}],"version-history":[{"count":0,"href":"https:\/\/escribocreativo.com\/blog\/wp-json\/wp\/v2\/posts\/5110\/revisions"}],"wp:attachment":[{"href":"https:\/\/escribocreativo.com\/blog\/wp-json\/wp\/v2\/media?parent=5110"}],"wp:term":[{"taxonomy":"category","embeddable":true,"href":"https:\/\/escribocreativo.com\/blog\/wp-json\/wp\/v2\/categories?post=5110"},{"taxonomy":"post_tag","embeddable":true,"href":"https:\/\/escribocreativo.com\/blog\/wp-json\/wp\/v2\/tags?post=5110"}],"curies":[{"name":"wp","href":"https:\/\/api.w.org\/{rel}","templated":true}]}}