{"id":5148,"date":"2010-01-18T20:34:56","date_gmt":"2010-01-18T20:34:56","guid":{"rendered":"http:\/\/poesiamas.net\/blog\/?p=5148"},"modified":"2010-01-18T20:34:56","modified_gmt":"2010-01-18T20:34:56","slug":"el-estado-democratico-totalitario","status":"publish","type":"post","link":"https:\/\/escribocreativo.com\/blog\/2010\/01\/18\/el-estado-democratico-totalitario\/","title":{"rendered":"El Estado Democr\u00e1tico Totalitario"},"content":{"rendered":"<p style=\"text-align: center;\"><a href=\"https:\/\/escribocreativo.com\/blog\/wp-content\/uploads\/2010\/01\/422px-Louis_XIV_of_France.jpg\"><img loading=\"lazy\" decoding=\"async\" class=\"aligncenter size-full wp-image-5150\" title=\"422px-Louis_XIV_of_France\" src=\"https:\/\/escribocreativo.com\/blog\/wp-content\/uploads\/2010\/01\/422px-Louis_XIV_of_France.jpg\" alt=\"\" width=\"422\" height=\"600\" \/><\/a><span style=\"font-size: x-small;\"><strong>Luis XIV. Imagen: <a href=\"http:\/\/es.wikipedia.org\/wiki\/Rey_Sol\" target=\"_blank\">Wikipedia<\/a>.<\/strong><\/span><\/p>\n<p style=\"text-align: justify;\">El Estado es el poder.<\/p>\n<p style=\"text-align: justify;\">El Estado que hemos fabricado entre todos a lo largo de los siglos ha cobrado una dimensi\u00f3n de control sobre el individuo que seguir\u00e1 amputando m\u00e1s libertades. O, como poco, tendremos que pedir permiso a su maquinaria burocr\u00e1tica para que nos devuelva parte de las mismas, un mastod\u00f3ntico aparato de bifurcaciones inextricables que, bajo el auspicio del control y la seguridad ciudadana, mantiene al mismo en una etiqueta perenne de &#8220;es usted un presunto culpable hasta que demuestre lo contrario&#8221;. Ya veremos de qu\u00e9, se congratulan.<\/p>\n<p style=\"text-align: justify;\">En aras de la protecci\u00f3n de la propiedad privada y de la ausencia de otros recursos, el ciudadano fortalece al Estado otorg\u00e1ndole una permisividad que raya en lo kafkiano. El Estado crece as\u00ed como una masa viscosa que se extiende sobre una ciudad desde el mismo centro. Los tent\u00e1culos van adquiriendo m\u00e1s autonom\u00eda y llega un momento en que el propio ciudadano es asaltado por el temor. El ciudadano se transforma en ni\u00f1o desprotegido que busca su amparo. Y le exige medidas.<\/p>\n<p style=\"text-align: justify;\"><!--more--><\/p>\n<p style=\"text-align: justify;\">La Hacienda P\u00fablica, en aras de la igualdad del pago de impuestos, excruta a cada ciudadano. Pero sabemos que esto no es cierto por una simple aplicaci\u00f3n del sentido com\u00fan y de los datos de la vida cotidiana -exceptuando las leyendas urbanas que circulan por doquier-, y que en comparaci\u00f3n las grandes fortunas, con las bondades de la ingenier\u00eda financiera, escapan a su control.<\/p>\n<p style=\"text-align: justify;\">El D.N.I es un documento que permite el viaje por la Europa com\u00fan occidental. Sin embargo, tambi\u00e9n es un documento de control que est\u00e1 a disposici\u00f3n del Estado. Tus cuentas bancarias, tu direcci\u00f3n -\u00a1tu casa!-, tu tel\u00e9fono, etc. deja de ser privado para pasar a disposici\u00f3n del Estado.<\/p>\n<p style=\"text-align: justify;\">\u00bfY c\u00f3mo act\u00faa este Estado del que tanto demandamos protecci\u00f3n y mimo? Como suelen decir los pol\u00edticos: con todo el peso de la Ley, una Ley que ampara las actuaciones -tambi\u00e9n las injustas y las que coartan nuestra libertad como individuos- del Estado contempor\u00e1neo.<\/p>\n<p style=\"text-align: justify;\">Lo hemos engordado tanto que ahora va a resultar casi imposible ese cambio a un estadio donde sea una fuente de paz y seguridad para el ciudadano.<\/p>\n<p style=\"text-align: justify;\">El paso de los a\u00f1os me convence de vivir en un Estado Democr\u00e1tico Totalitario que va adquiriendo m\u00e1s y m\u00e1s control sobre el individuo y sus decisiones. \u00bfC\u00f3mo hemos llegado hasta aqu\u00ed?<\/p>\n<p style=\"text-align: justify;\">Las Revoluciones del siglo pasado ayudaron a los grandes cambios sociales. \u00bfHabr\u00e1 revoluci\u00f3n en \u00e9ste? \u00bfHasta d\u00f3nde llegar\u00e1 el concepto de Estado y d\u00f3nde nos llevar\u00e1 esas libertades entregadas a un ente creado por nosotros mismos?<\/p>\n<p style=\"text-align: justify;\">El futuro se adivina poco halag\u00fce\u00f1o. Pap\u00e1 Estado ya no es aquel que nos redime de nuestros pecados: es el justiciero vengador que nos castiga por los mismos. El Gran Hermano no es una paradoja: no existe un control del individuo oculto a nuestros ojos. Es mucho m\u00e1s sencillo: est\u00e1 a la vista, forma parte del paisaje de forma natural y, adem\u00e1s, le exigimos que aumente su control aunque creamos que lo que pedimos es, simplemente, ayuda.<\/p>\n<p style=\"text-align: justify;\">Tener al Estado en contra de uno es una pesadilla: presunto impago a Hacienda, te congelan las cuentas; impago de multa, te retiramos el carnet de conducir, y as\u00ed con un largo etc\u00e9tera. El Estado puede abusar -recientemente, la\u00a0 pol\u00e9mica sobre la supuesta baja de sitios webs o bit\u00e1coras que violen derechos de autor bajo orden administrativa-.<\/p>\n<p style=\"text-align: justify;\">\u00bfQui\u00e9n le pondr\u00e1 el cascabel al gato? Habr\u00e1 que reformar el Estado tal y como lo conocemos. Y es para ayer.<\/p>\n<p style=\"text-align: center;\">[email_link]\n","protected":false},"excerpt":{"rendered":"<p>Luis XIV. Imagen: Wikipedia. El Estado es el poder. El Estado que hemos fabricado entre todos a lo largo de los siglos ha cobrado una dimensi\u00f3n de control sobre el individuo que seguir\u00e1 amputando m\u00e1s libertades. O, como poco, tendremos que pedir permiso a su maquinaria burocr\u00e1tica para que nos devuelva parte de las mismas, un mastod\u00f3ntico aparato de bifurcaciones[&#8230;]<\/p>\n","protected":false},"author":1,"featured_media":0,"comment_status":"open","ping_status":"open","sticky":false,"template":"","format":"standard","meta":{"footnotes":""},"categories":[10],"tags":[861,1211,3304],"class_list":["post-5148","post","type-post","status-publish","format-standard","hentry","category-la-ciudad-reflexiva","tag-democracia","tag-estado","tag-totalitarismo"],"_links":{"self":[{"href":"https:\/\/escribocreativo.com\/blog\/wp-json\/wp\/v2\/posts\/5148","targetHints":{"allow":["GET"]}}],"collection":[{"href":"https:\/\/escribocreativo.com\/blog\/wp-json\/wp\/v2\/posts"}],"about":[{"href":"https:\/\/escribocreativo.com\/blog\/wp-json\/wp\/v2\/types\/post"}],"author":[{"embeddable":true,"href":"https:\/\/escribocreativo.com\/blog\/wp-json\/wp\/v2\/users\/1"}],"replies":[{"embeddable":true,"href":"https:\/\/escribocreativo.com\/blog\/wp-json\/wp\/v2\/comments?post=5148"}],"version-history":[{"count":0,"href":"https:\/\/escribocreativo.com\/blog\/wp-json\/wp\/v2\/posts\/5148\/revisions"}],"wp:attachment":[{"href":"https:\/\/escribocreativo.com\/blog\/wp-json\/wp\/v2\/media?parent=5148"}],"wp:term":[{"taxonomy":"category","embeddable":true,"href":"https:\/\/escribocreativo.com\/blog\/wp-json\/wp\/v2\/categories?post=5148"},{"taxonomy":"post_tag","embeddable":true,"href":"https:\/\/escribocreativo.com\/blog\/wp-json\/wp\/v2\/tags?post=5148"}],"curies":[{"name":"wp","href":"https:\/\/api.w.org\/{rel}","templated":true}]}}