{"id":5154,"date":"2010-01-19T17:15:28","date_gmt":"2010-01-19T17:15:28","guid":{"rendered":"http:\/\/poesiamas.net\/blog\/?p=5154"},"modified":"2015-03-14T01:09:18","modified_gmt":"2015-03-14T01:09:18","slug":"elegia-del-mal","status":"publish","type":"post","link":"https:\/\/escribocreativo.com\/blog\/2010\/01\/19\/elegia-del-mal\/","title":{"rendered":"Eleg\u00eda del Mal"},"content":{"rendered":"<p><a href=\"https:\/\/escribocreativo.com\/blog\/wp-content\/uploads\/2010\/01\/american-psycho-cover1.jpg\"><img loading=\"lazy\" decoding=\"async\" class=\"aligncenter size-full wp-image-5155\" title=\"american-psycho-cover1\" src=\"https:\/\/escribocreativo.com\/blog\/wp-content\/uploads\/2010\/01\/american-psycho-cover1.jpg\" alt=\"\" width=\"302\" height=\"462\" \/><\/a><\/p>\n<blockquote><p><strong>RAE.<\/strong><br \/>\n<strong>malvado, da.<\/strong><\/p>\n<p style=\"padding-left: 30px;\">(<a>Del<\/a> <a title=\"lat\u00edn, latino o latina\">lat.<\/a> <a title=\"vulgar\">vulg.<\/a> <em>malifat\u012dus<\/em>).<\/p>\n<p style=\"padding-left: 30px;\"><strong> 1. <\/strong> adj. Dicho de una persona: Muy mala, perversa, mal inclinada. U. t. c. s.<\/p>\n<\/blockquote>\n<p style=\"text-align: justify;\">Lo explic\u00f3 bien Bataille: <em>&#8220;en el Mal, hay siempre una tendencia hacia lo peor<\/em>&#8220;. El Mal se ha estigmatizado: porque est\u00e1 siempre, y permanece en la esfera de las cosas. No es excluyente; se puede hacer el Bien y el Mal al mismo tiempo. No hay que recorrer un camino fatigoso. El Mal es una elecci\u00f3n que requiere el mismo gasto cal\u00f3rico que el Bien.<\/p>\n<p style=\"text-align: justify;\">\u00a1Cu\u00e1ntas veces uno se admira por la mezquindad, la ruindad o la maldad ajena! Y sin embargo, corremos a explicar al actor o actriz de tal acci\u00f3n el porqu\u00e9 de su error. \u00a1C\u00f3mo has podido!<\/p>\n<p style=\"text-align: justify;\"><!--more--><\/p>\n<p style=\"text-align: justify;\">Y nos congratulamos de nuestro consejo. \u00a1Como si el \u00fanico camino posible fuera el Bien! Pues el Bien lo rige todo, porque creemos que nos regocija por dentro y nos da felicidad. El Bien es la vara de medir. \u00bfLas varas de medir no son acaso r\u00edgidas e inflexibles?<\/p>\n<p style=\"text-align: justify;\">Cuando ese actor o actriz nos mira extra\u00f1ados, meditamos: \u00bfacaso necesita que se lo explique? Al igual que yo, es capaz de ponderar las acciones que comete. \u00bfPor qu\u00e9, nos preguntamos entonces, elige el Mal?<\/p>\n<p style=\"text-align: justify;\">Porque puede. \u00a1Poder elegir lo que deseamos es una sensaci\u00f3n tan reconfortante!<\/p>\n<p style=\"text-align: justify;\">\u00bfEs esta la \u00fanica raz\u00f3n? No. En el Mal se encuentra un regocijo diferente al que se siente al hacer el Bien, pero igual de gratificante que acompa\u00f1ar a cruzar a una viejecita o reciclar basura en casa. \u00a1Haciendo el Mal nos sentimos bien!<\/p>\n<p style=\"text-align: justify;\">Pues estructuramos nuestra sociedad sobre el Bien, es que el Mal es una aberraci\u00f3n.<\/p>\n<p style=\"text-align: justify;\">Pero nadie dijo que no podr\u00edamos ser felices en el caos, \u00bfle dimos alguna oportunidad? El hombre es un animal de costumbres.<\/p>\n<p style=\"text-align: justify;\">\u00a1Ay, el Mal! \u00a1Ya no miro pidiendo explicaciones y engullendo horas y horas de por qu\u00e9s!<\/p>\n<p style=\"text-align: justify;\">Ya va siendo hora de que asumas que te has vuelto adicto y que vuelves al Mal de vez en cuando, a sabiendas de sus efectos perniciosos sobre los dem\u00e1s o que te afecten los da\u00f1os colaterales -pero, en tu caso concreto, puede que ese riesgo, adem\u00e1s, te suponga un aliciente-.<\/p>\n<p style=\"text-align: justify;\">Vigila la nuca del que te antecede.<\/p>\n<p style=\"text-align: justify;\">El camino del Mal lo recorre infinidad de gente.<\/p>\n<p style=\"text-align: center;\">[email_link]\n","protected":false},"excerpt":{"rendered":"<p>RAE. malvado, da. (Del lat. vulg. malifat\u012dus). 1. adj. Dicho de una persona: Muy mala, perversa, mal inclinada. U. t. c. s. Lo explic\u00f3 bien Bataille: &#8220;en el Mal, hay siempre una tendencia hacia lo peor&#8220;. El Mal se ha estigmatizado: porque est\u00e1 siempre, y permanece en la esfera de las cosas. No es excluyente; se puede hacer el Bien[&#8230;]<\/p>\n","protected":false},"author":1,"featured_media":0,"comment_status":"open","ping_status":"open","sticky":false,"template":"","format":"standard","meta":{"footnotes":""},"categories":[3608],"tags":[296,342,1097,2068],"class_list":["post-5154","post","type-post","status-publish","format-standard","hentry","category-literatura","tag-bataille","tag-bien","tag-elegia","tag-mal"],"_links":{"self":[{"href":"https:\/\/escribocreativo.com\/blog\/wp-json\/wp\/v2\/posts\/5154","targetHints":{"allow":["GET"]}}],"collection":[{"href":"https:\/\/escribocreativo.com\/blog\/wp-json\/wp\/v2\/posts"}],"about":[{"href":"https:\/\/escribocreativo.com\/blog\/wp-json\/wp\/v2\/types\/post"}],"author":[{"embeddable":true,"href":"https:\/\/escribocreativo.com\/blog\/wp-json\/wp\/v2\/users\/1"}],"replies":[{"embeddable":true,"href":"https:\/\/escribocreativo.com\/blog\/wp-json\/wp\/v2\/comments?post=5154"}],"version-history":[{"count":0,"href":"https:\/\/escribocreativo.com\/blog\/wp-json\/wp\/v2\/posts\/5154\/revisions"}],"wp:attachment":[{"href":"https:\/\/escribocreativo.com\/blog\/wp-json\/wp\/v2\/media?parent=5154"}],"wp:term":[{"taxonomy":"category","embeddable":true,"href":"https:\/\/escribocreativo.com\/blog\/wp-json\/wp\/v2\/categories?post=5154"},{"taxonomy":"post_tag","embeddable":true,"href":"https:\/\/escribocreativo.com\/blog\/wp-json\/wp\/v2\/tags?post=5154"}],"curies":[{"name":"wp","href":"https:\/\/api.w.org\/{rel}","templated":true}]}}