{"id":5266,"date":"2010-02-07T17:56:14","date_gmt":"2010-02-07T17:56:14","guid":{"rendered":"http:\/\/poesiamas.net\/blog\/?p=5266"},"modified":"2010-02-07T17:56:14","modified_gmt":"2010-02-07T17:56:14","slug":"crisis-donde-estan-los-intelectuales","status":"publish","type":"post","link":"https:\/\/escribocreativo.com\/blog\/2010\/02\/07\/crisis-donde-estan-los-intelectuales\/","title":{"rendered":"Crisis: \u00bfd\u00f3nde est\u00e1n los intelectuales?"},"content":{"rendered":"<p style=\"text-align: justify;\"><a href=\"https:\/\/escribocreativo.com\/blog\/wp-content\/uploads\/2010\/02\/intelectualalsol.jpg\"><img loading=\"lazy\" decoding=\"async\" class=\"alignleft size-full wp-image-5267\" style=\"margin: 5px;\" title=\"intelectualalsol\" src=\"https:\/\/escribocreativo.com\/blog\/wp-content\/uploads\/2010\/02\/intelectualalsol.jpg\" alt=\"\" width=\"232\" height=\"227\" \/><\/a>En tiempos dif\u00edciles es cuando deben aparecer los intelectuales comprometidos con el pa\u00eds. Sucedi\u00f3 no hace mucho con Unamuno -1898-\u00a0 u Ortega y Gassett (con un punto m\u00e1s positivo que la generaci\u00f3n del 98).<\/p>\n<p style=\"text-align: justify;\">\u00bfD\u00f3nde est\u00e1 la intelligentsia o los intelectuales -que no son lo mismo, pero hago referencia a un conjunto de &#8220;pensadores&#8221;- de este pa\u00eds? \u00bfLas voces acreditadas? \u00bfAcaso no tenemos esa elite intelectual? \u00bfO es que \u00e9sta no desarrolla una inquietud profunda por el pa\u00eds?<\/p>\n<p style=\"text-align: justify;\">Sea cuales sean los motivos, parece que en Espa\u00f1a adolecemos de una \u00e9lite intelectual cuya funci\u00f3n tambi\u00e9n ser\u00eda, en estos momentos delicados, aportar soluciones o nuevas v\u00edas para reconducir la situaci\u00f3n, o al menos se\u00f1alar otros caminos si la sociedad yerra o se halla sin respuestas.<\/p>\n<p style=\"text-align: justify;\"><!--more--><\/p>\n<p style=\"text-align: justify;\">\u00bfCallan, o, peor a\u00fan, sus discursos producen el mismo efecto que vocear en el desierto? Habr\u00eda que cuestionarse si en Espa\u00f1a poseemos una elite intelectual -m\u00e1s all\u00e1 del debate de la conveniencia de que un pa\u00eds la posea o no-, producto del talento de este pa\u00eds, \u00bfo tambi\u00e9n el intelecto se suma a la crisis?<\/p>\n<p style=\"text-align: justify;\">\u00bfD\u00f3nde los fil\u00f3sofos, los historiadores, los cient\u00edficos, los fil\u00f3logos, los ingenieros de relevancia? Ellos no son la conciencia de nuestra sociedad, pero s\u00ed que nos ofrecen met\u00e1foras que hacen pensar a las nuestras.<\/p>\n<p style=\"text-align: justify;\">Y si existen, y hablan, y nos ofrecen un espejo en el que mirarnos, la \u00faltima pregunta es m\u00e1s tr\u00e1gica a\u00fan.<\/p>\n<p style=\"text-align: center;\"><strong>\u00bfPor qu\u00e9 los hemos sustitu\u00eddo? <\/strong><\/p>\n<p style=\"text-align: justify;\"><span style=\"font-family: arial,helvetica; font-size: x-small;\"> <\/span><\/p>\n<p style=\"text-align: center;\"><span style=\"font-family: arial,helvetica; font-size: x-small;\">[email_link]\n<\/span><\/p>\n","protected":false},"excerpt":{"rendered":"<p>En tiempos dif\u00edciles es cuando deben aparecer los intelectuales comprometidos con el pa\u00eds. Sucedi\u00f3 no hace mucho con Unamuno -1898-\u00a0 u Ortega y Gassett (con un punto m\u00e1s positivo que la generaci\u00f3n del 98). \u00bfD\u00f3nde est\u00e1 la intelligentsia o los intelectuales -que no son lo mismo, pero hago referencia a un conjunto de &#8220;pensadores&#8221;- de este pa\u00eds? \u00bfLas voces acreditadas?[&#8230;]<\/p>\n","protected":false},"author":1,"featured_media":0,"comment_status":"open","ping_status":"open","sticky":false,"template":"","format":"standard","meta":{"footnotes":""},"categories":[10],"tags":[771,1669,1672],"class_list":["post-5266","post","type-post","status-publish","format-standard","hentry","category-la-ciudad-reflexiva","tag-crisis","tag-intelectuales","tag-intelligentsia"],"_links":{"self":[{"href":"https:\/\/escribocreativo.com\/blog\/wp-json\/wp\/v2\/posts\/5266","targetHints":{"allow":["GET"]}}],"collection":[{"href":"https:\/\/escribocreativo.com\/blog\/wp-json\/wp\/v2\/posts"}],"about":[{"href":"https:\/\/escribocreativo.com\/blog\/wp-json\/wp\/v2\/types\/post"}],"author":[{"embeddable":true,"href":"https:\/\/escribocreativo.com\/blog\/wp-json\/wp\/v2\/users\/1"}],"replies":[{"embeddable":true,"href":"https:\/\/escribocreativo.com\/blog\/wp-json\/wp\/v2\/comments?post=5266"}],"version-history":[{"count":0,"href":"https:\/\/escribocreativo.com\/blog\/wp-json\/wp\/v2\/posts\/5266\/revisions"}],"wp:attachment":[{"href":"https:\/\/escribocreativo.com\/blog\/wp-json\/wp\/v2\/media?parent=5266"}],"wp:term":[{"taxonomy":"category","embeddable":true,"href":"https:\/\/escribocreativo.com\/blog\/wp-json\/wp\/v2\/categories?post=5266"},{"taxonomy":"post_tag","embeddable":true,"href":"https:\/\/escribocreativo.com\/blog\/wp-json\/wp\/v2\/tags?post=5266"}],"curies":[{"name":"wp","href":"https:\/\/api.w.org\/{rel}","templated":true}]}}