{"id":5423,"date":"2010-02-11T19:55:31","date_gmt":"2010-02-11T19:55:31","guid":{"rendered":"http:\/\/poesiamas.net\/blog\/?p=5423"},"modified":"2015-03-14T00:51:13","modified_gmt":"2015-03-14T00:51:13","slug":"mi-abuelo-da-la-lata-despues-de-ganar-la-guerra","status":"publish","type":"post","link":"https:\/\/escribocreativo.com\/blog\/2010\/02\/11\/mi-abuelo-da-la-lata-despues-de-ganar-la-guerra\/","title":{"rendered":"Mi abuelo da la lata despu\u00e9s de ganar la guerra"},"content":{"rendered":"<p style=\"text-align: justify;\"><a href=\"https:\/\/escribocreativo.com\/blogabuelo\"><img loading=\"lazy\" decoding=\"async\" class=\"aligncenter size-full wp-image-5424\" title=\"miabuelovolviodelaguerra\" src=\"https:\/\/escribocreativo.com\/blog\/wp-content\/uploads\/2010\/02\/miabuelovolviodelaguerra.jpg\" alt=\"\" width=\"441\" height=\"299\" \/><\/a><\/p>\n<p style=\"text-align: justify;\">Un apunte: en la bit\u00e1cora de <a href=\"https:\/\/escribocreativo.com\/blogabuelo\/\" target=\"_blank\">Mi abuelo volvi\u00f3 de la guerra<\/a>, se han a\u00f1adido los cap\u00edtulos <a rel=\"bookmark\" href=\"https:\/\/escribocreativo.com\/blogabuelo\/2010\/02\/11\/capitulo-xxii-marcelino-sin-pan-y-sin-vino\/\" target=\"_blank\">Cap\u00edtulo XXII. Marcelino, sin pan y sin vino<\/a> y <a rel=\"bookmark\" href=\"https:\/\/escribocreativo.com\/blogabuelo\/2010\/02\/11\/capitulo-xxiii-madrid-cae-se-acabo-la-guerra\/\" target=\"_blank\">Cap\u00edtulo XXIII. Madrid cae: se acab\u00f3 la guerra<\/a>, pero <strong>no concluye la bit\u00e1cora con este<\/strong> <strong>\u00faltimo<\/strong>. La historia contin\u00faa hasta la licencia de mi abuelo del ej\u00e9rcito a\u00f1os despu\u00e9s, y est\u00e1 plagada de an\u00e9cdotas y una visi\u00f3n precisa de la vida en el ej\u00e9rcito en los primeros a\u00f1os de la dictadura.<\/p>\n<p style=\"text-align: justify;\">El ver a Franco a pocos metros en el desfile, su estancia en caballer\u00eda, el trato a los presos en las c\u00e1rceles, las piller\u00edas de los soldados para poder comer -pues tras la guerra el hambre era atroz-, etc. etc., y sobre todo la visi\u00f3n moralizante de mi abuelo sobre lo que los superiores dec\u00edan y les comunicaban sobre el ej\u00e9rcito y sus valores y la realidad del mismo.<\/p>\n<p style=\"text-align: justify;\">Aunque he puesto en la bit\u00e1cora, en el subt\u00edtulo, que a\u00f1ado un cap\u00edtulo semanal, estoy a\u00f1adiendo dos porque me entra el gusanillo, y por avanzar la historia, pero como m\u00ednimo espero poder a\u00f1adir siempre un nuevo cap\u00edtulo semanal.<\/p>\n<p style=\"text-align: justify;\"><!--more--><\/p>\n<p style=\"text-align: justify;\">Espero -y deseo- que sigan disfrutando sus aventuras y la visi\u00f3n de una Espa\u00f1a que fue y de la que tambi\u00e9n somos herencia porque la educaci\u00f3n y valores de nuestros abuelos y padres se vuelca tambi\u00e9n en nosotros. En el camino de contar estas vivencias he entendido m\u00e1s la personalidad de mi abuelo y he adquirido una visi\u00f3n m\u00e1s amplia de nuestra generaci\u00f3n de treinta\u00f1eros frente a generaciones pasadas. Y de lo que es la vida en un concepto amplio, es decir, el d\u00eda a d\u00eda, y lo que es la pol\u00edtica de la vida. La pol\u00edtica de la vida enmascara muchas cosas. Los libros -como s\u00edmbolo de la cultura- son necesarios, pero no lo explican todo.<\/p>\n<p style=\"text-align: justify;\">Y muchas gracias a los que lo siguen. Dejo aqu\u00ed,como colof\u00f3n final, unas palabras dichas hace\u00a0 pocas semanas:<\/p>\n<blockquote style=\"text-align: justify;\">\n<p style=\"text-align: justify;\">-A media noche me despierto, so\u00f1ando con la guerra, y creo ver las balas rebotando cerca de m\u00ed. Es como si estuviera all\u00ed de nuevo.<\/p>\n<\/blockquote>\n<p style=\"text-align: justify;\">Abuelo, te quiero. \ud83d\ude00<\/p>\n<p style=\"text-align: center;\">[email_link]\n","protected":false},"excerpt":{"rendered":"<p>Un apunte: en la bit\u00e1cora de Mi abuelo volvi\u00f3 de la guerra, se han a\u00f1adido los cap\u00edtulos Cap\u00edtulo XXII. Marcelino, sin pan y sin vino y Cap\u00edtulo XXIII. Madrid cae: se acab\u00f3 la guerra, pero no concluye la bit\u00e1cora con este \u00faltimo. La historia contin\u00faa hasta la licencia de mi abuelo del ej\u00e9rcito a\u00f1os despu\u00e9s, y est\u00e1 plagada de an\u00e9cdotas[&#8230;]<\/p>\n","protected":false},"author":1,"featured_media":0,"comment_status":"open","ping_status":"open","sticky":false,"template":"","format":"standard","meta":{"footnotes":""},"categories":[3608],"tags":[489,490,2194],"class_list":["post-5423","post","type-post","status-publish","format-standard","hentry","category-literatura","tag-capitulo-xxii","tag-capitulo-xxiii","tag-mi-abuelo-volvio-de-la-guerra"],"_links":{"self":[{"href":"https:\/\/escribocreativo.com\/blog\/wp-json\/wp\/v2\/posts\/5423","targetHints":{"allow":["GET"]}}],"collection":[{"href":"https:\/\/escribocreativo.com\/blog\/wp-json\/wp\/v2\/posts"}],"about":[{"href":"https:\/\/escribocreativo.com\/blog\/wp-json\/wp\/v2\/types\/post"}],"author":[{"embeddable":true,"href":"https:\/\/escribocreativo.com\/blog\/wp-json\/wp\/v2\/users\/1"}],"replies":[{"embeddable":true,"href":"https:\/\/escribocreativo.com\/blog\/wp-json\/wp\/v2\/comments?post=5423"}],"version-history":[{"count":0,"href":"https:\/\/escribocreativo.com\/blog\/wp-json\/wp\/v2\/posts\/5423\/revisions"}],"wp:attachment":[{"href":"https:\/\/escribocreativo.com\/blog\/wp-json\/wp\/v2\/media?parent=5423"}],"wp:term":[{"taxonomy":"category","embeddable":true,"href":"https:\/\/escribocreativo.com\/blog\/wp-json\/wp\/v2\/categories?post=5423"},{"taxonomy":"post_tag","embeddable":true,"href":"https:\/\/escribocreativo.com\/blog\/wp-json\/wp\/v2\/tags?post=5423"}],"curies":[{"name":"wp","href":"https:\/\/api.w.org\/{rel}","templated":true}]}}