{"id":5502,"date":"2010-02-22T04:25:12","date_gmt":"2010-02-22T04:25:12","guid":{"rendered":"http:\/\/poesiamas.net\/blog\/?p=5502"},"modified":"2010-02-22T04:25:12","modified_gmt":"2010-02-22T04:25:12","slug":"secuelas-de-las-tormentas-en-el-tropico","status":"publish","type":"post","link":"https:\/\/escribocreativo.com\/blog\/2010\/02\/22\/secuelas-de-las-tormentas-en-el-tropico\/","title":{"rendered":"Secuelas de las tormentas en el tr\u00f3pico"},"content":{"rendered":"<p style=\"text-align: center;\"><a href=\"https:\/\/escribocreativo.com\/blog\/wp-content\/uploads\/2010\/02\/Moon-Stars.jpg\"><img loading=\"lazy\" decoding=\"async\" class=\"aligncenter size-full wp-image-5504\" title=\"Moon Stars\" src=\"https:\/\/escribocreativo.com\/blog\/wp-content\/uploads\/2010\/02\/Moon-Stars.jpg\" alt=\"\" width=\"514\" height=\"340\" \/><\/a><em>La cara oculta de la luna es el negativo de la luna.<\/em><\/p>\n<p style=\"text-align: justify;\">Anunciaron tormenta, y por culpa de un insomnio que lleg\u00f3 con la\u00a0 nocturnidad y alevos\u00eda con la que sustraen los cacos en la noche, baj\u00e9 a la calle a por un taxi. Nadie; as\u00ed, desnuda y con las luces de las farolas alumbrando la m\u00e9dula de la ciudad, se percibe intranquilidad. Vientos racheados, anunciaron para ese d\u00eda y el siguiente, entre cincuenta y cien kil\u00f3metros por hora; la basura se eleva y vuela de ac\u00e1 para all\u00e1, y los sem\u00e1foros cambian de color sin coche a los que regular. Se hace extra\u00f1o verlos as\u00ed, in\u00fatiles. \u00bfQu\u00e9 sentido tienen las prohibiciones si no hay nada que regular? Un tipo listo deber\u00eda inventar, como en los casinos que ocultan su decorado cuando avisan de un registro de la polic\u00eda, un sistema que ocultar las se\u00f1ales por nada. Nada ser\u00eda lo ideal.<\/p>\n<p style=\"text-align: justify;\">Nadie vendr\u00e1, me dije a los diez minutos de esperar en la esquina. Mejor me vuelvo y me tapono los o\u00eddos con&#8230; Puedo preparar bolas de\u00a0 harina y sal gorda y tupirme las orejas por completo. Asoma un taxi dos sem\u00e1foros m\u00e1s all\u00e1. Viene deprisa. No es un modelo nuevo; entro por la puerta trasera y noto que los asientos est\u00e1n algo hundidos y el cuero ha perdido brillo. Un treinta\u00f1ero mira por el retrovisor. A Z\u00e1rate, le digo. Me siento afortunado.<\/p>\n<p style=\"text-align: justify;\"><!--more--><\/p>\n<p style=\"text-align: justify;\">Me fijo c\u00f3mo sube progresivamente la manecilla del cuentakil\u00f3metros. El taxista acelera despreocupado, y me concentro, haciendo un esfuerzo por no dormirme, en el volante. Ha sustitu\u00eddo el original por uno deportivo, con unas aspas en forma de equis y el borde lleno de pliegues. Miro de reojo el perfil del taxista y observo sus gafas de pasta y sus cristales gruesos. No suena m\u00fasica ni la radio del taxi.<\/p>\n<p style=\"text-align: justify;\">Cruzamos dos calles en las que se salta el stop y entramos\u00a0 por fin en la autopista. Bajamos a toda velocidad por el puente. Nos cruzamos un coche de bomberos en nuestra direcci\u00f3n, que nos adelanta con las luces naranjas parpadeantes, y a la polic\u00eda en los carriles que van en sentido contrario. El taxista va a m\u00e1s de cien kil\u00f3metros por hora y parece sordo al silbido del viento tras los cristales. \u00bfNo tiene ni pizca de miedo? \u00bfY si una racha\u00a0 de viento furiosa encabrita el coche y nos empuja contra el arc\u00e9n? Me alivio un poco: no cae la lluvia torrencial de la tarde, y pienso en un frenazo, por cualquier motivo absurdo, del \u00fanico taxista con gafas de pasta adicto a la velocidad\u00a0 circulando en la ciudad que recoge al \u00fanico pasajero que aguardaba en la madrugada.<\/p>\n<p style=\"text-align: justify;\">Cuando llegamos a mi barrio veo la basura acumulada en donde encontr\u00f3 un rinc\u00f3n para depositarse; los contendores volcados y las hojas de palmeras sobre la acera y el asfalto a modo de escobas. El taxista pasa por encima de la mugre a toda velocidad y cuando le digo que pare frena en seco; y ni siquiera me dice cu\u00e1nto es la carrera.<\/p>\n<p style=\"text-align: justify;\">Cojo seis euros con cincuenta c\u00e9ntimos, se los doy y me devuelve diez. Que tenga buena noche, le digo, y \u00e9l repite lac\u00f3nico &#8220;buenas&#8221;.<\/p>\n<p style=\"text-align: justify;\">Estoy cansado pero no s\u00e9 exactamente de qu\u00e9. Subo a mi casa y me tumbo en la cama, y pienso en mis \u00faltimos d\u00edas con precisi\u00f3n matem\u00e1tica. Me abstraigo de la situaci\u00f3n econ\u00f3mica y el paro, de las tragedias internacionales y de los dramas locales, y pienso en mis prioridades. Como un lobo en un ecosistema que a ratos le es ajeno aun conociendo cada paraje y su funcionamiento. El lobo sabe d\u00f3nde est\u00e1 su alimento; qu\u00e9 riscos no transitar por el peligro que conllevan, y si huele a un oso procura evitar su camino. Salvo su instinto b\u00e1sico, reconoce el funcionamiento del bosque, la ca\u00edda y la entrada del sol, las necesidades de las lluvias y las \u00e9pocas de apareamiento de las aves; pero es incapaz de aprovechar la ventaja de observar el bosque como si viviera fuera del mismo. \u00bfQu\u00e9 pensar de quien conoce y, aletargado en su propia existencia y su conformismo, no aprovecha los resquicios y fracturas del sistema en su propio beneficio?<\/p>\n<blockquote>\n<p style=\"text-align: justify;\">Pues la primera responsabilidad del hombre es su propia supervivencia.<\/p>\n<\/blockquote>\n<p style=\"text-align: justify;\">Se hace extra\u00f1o explicarlo para un lobo: para m\u00ed, la caricia del sol en la ma\u00f1ana y compartir mi aparato sensorial -vista, o\u00eddo, tacto, gusto, olfato, esp\u00edritu- con el espacio en movimiento -yo recortado sobre un pasiaje, el\u00a0 paisaje como un mago que me hipnotiza con sus ilusiones, la fusi\u00f3n de ambos en un todo sincr\u00f3nico- me produce una satisfacci\u00f3n tal que todo lo dem\u00e1s tiende a importarme una mierda.<\/p>\n<blockquote>\n<p style=\"text-align: justify;\">La importancia de estar\/sentirme vivo por encima de la utilidad y el manejo de mi vida\/prioridades.<\/p>\n<\/blockquote>\n<p style=\"text-align: justify;\">El mundo padece una fiebre salvaje y ni siquiera las pel\u00edculas de Disney son lo que eran: en <em>Tiana y el sapo<\/em> impera la tesis de que <strong>aquello que deseamos s\u00f3lo se consigue con mucho esfuerzo<\/strong>. \u00bfA qu\u00e9 paraje l\u00fagubre desterraron la m\u00e1xima disneiana de que<em> los sue\u00f1os pueden hacerse realidad&#8230;<\/em>? Si nos niegan la esperanza, no nos quedan argumentos con que enfrentarnos al mundo.<\/p>\n<p style=\"text-align: justify;\">Pero qu\u00e9 se yo de la metaf\u00edsica si soy un lobo que coge taxis en las noches de tormenta.<\/p>\n<p style=\"text-align: justify;\"><span style=\"font-size: x-small;\"><strong>Imagen: <a href=\"http:\/\/aslp8asokhun.blogspot.com\/\" target=\"_blank\">aslp8asokhun.blogspot.com.<\/a><\/strong><\/span><\/p>\n<p style=\"text-align: center;\">[email_link]\n","protected":false},"excerpt":{"rendered":"<p>La cara oculta de la luna es el negativo de la luna. Anunciaron tormenta, y por culpa de un insomnio que lleg\u00f3 con la\u00a0 nocturnidad y alevos\u00eda con la que sustraen los cacos en la noche, baj\u00e9 a la calle a por un taxi. Nadie; as\u00ed, desnuda y con las luces de las farolas alumbrando la m\u00e9dula de la ciudad,[&#8230;]<\/p>\n","protected":false},"author":1,"featured_media":0,"comment_status":"open","ping_status":"open","sticky":false,"template":"","format":"standard","meta":{"footnotes":""},"categories":[10],"tags":[942,2039,2351,3301,3330],"class_list":["post-5502","post","type-post","status-publish","format-standard","hentry","category-la-ciudad-reflexiva","tag-disney","tag-luna","tag-noche","tag-tormenta","tag-tropico"],"_links":{"self":[{"href":"https:\/\/escribocreativo.com\/blog\/wp-json\/wp\/v2\/posts\/5502","targetHints":{"allow":["GET"]}}],"collection":[{"href":"https:\/\/escribocreativo.com\/blog\/wp-json\/wp\/v2\/posts"}],"about":[{"href":"https:\/\/escribocreativo.com\/blog\/wp-json\/wp\/v2\/types\/post"}],"author":[{"embeddable":true,"href":"https:\/\/escribocreativo.com\/blog\/wp-json\/wp\/v2\/users\/1"}],"replies":[{"embeddable":true,"href":"https:\/\/escribocreativo.com\/blog\/wp-json\/wp\/v2\/comments?post=5502"}],"version-history":[{"count":0,"href":"https:\/\/escribocreativo.com\/blog\/wp-json\/wp\/v2\/posts\/5502\/revisions"}],"wp:attachment":[{"href":"https:\/\/escribocreativo.com\/blog\/wp-json\/wp\/v2\/media?parent=5502"}],"wp:term":[{"taxonomy":"category","embeddable":true,"href":"https:\/\/escribocreativo.com\/blog\/wp-json\/wp\/v2\/categories?post=5502"},{"taxonomy":"post_tag","embeddable":true,"href":"https:\/\/escribocreativo.com\/blog\/wp-json\/wp\/v2\/tags?post=5502"}],"curies":[{"name":"wp","href":"https:\/\/api.w.org\/{rel}","templated":true}]}}