{"id":5994,"date":"2010-04-14T12:04:35","date_gmt":"2010-04-14T11:04:35","guid":{"rendered":"http:\/\/poesiamas.net\/blog\/?p=5994"},"modified":"2015-03-14T00:51:11","modified_gmt":"2015-03-14T00:51:11","slug":"la-academia-y-perez-reverte","status":"publish","type":"post","link":"https:\/\/escribocreativo.com\/blog\/2010\/04\/14\/la-academia-y-perez-reverte\/","title":{"rendered":"La Academia y P\u00e9rez-Reverte"},"content":{"rendered":"<p style=\"text-align: justify;\"><a href=\"https:\/\/escribocreativo.com\/blog\/wp-content\/uploads\/2009\/01\/el_capitan_ala_triste_perez_reverte.jpg\"><img loading=\"lazy\" decoding=\"async\" class=\"aligncenter size-medium wp-image-1837\" title=\"el_capitan_ala_triste_perez_reverte\" src=\"https:\/\/escribocreativo.com\/blog\/wp-content\/uploads\/2009\/01\/el_capitan_ala_triste_perez_reverte-206x300.jpg\" alt=\"\" width=\"206\" height=\"300\" \/><\/a><\/p>\n<p style=\"text-align: justify;\">Siguiendo los comentarios sobre P\u00e9rez-Reverte que <a href=\"https:\/\/escribocreativo.com\/blog\/2010\/02\/23\/el-asedio-de-perez-reverte\/\">suscit\u00f3 otro art\u00edculo sobre su \u00faltima novela, <em>El asedio<\/em><\/a><em>,<\/em> y que siguen llegando de vez en cuando, y una vez razonados mis argumentos, hay dos o tres apuntes que tengo que dar, aunque esto me genere alg\u00fan que otro comentario negativo que leeremos gustosos.<\/p>\n<p style=\"text-align: justify;\">Estos argumentos enlazan directamente con el prestigio del autor en nuestro pa\u00eds, basado en su \u00e9xito de ventas, los premios que posee y su puesto de acad\u00e9mico de la RAE.<\/p>\n<p style=\"text-align: justify;\">De lo primero, poco que decir: la gente que desee comprar su obra lo hace por diversas razones, entre las que destaca una sobre todas: es entretenido. Nadie niega, creo, la investigaci\u00f3n meticulosa de los ambientes, localizaciones y sociedad de la \u00e9poca que dibuja en sus novelas.<\/p>\n<p style=\"text-align: justify;\">Ya en los premios encontramos un lugar menos confortable: los premios carecen del prestigio de anta\u00f1o. Por ejemplo: en Espa\u00f1a, pr\u00e1cticamente se salva el Nadal, sobre el que planea, en los \u00faltimos a\u00f1os, la sospecha de acercarse a la l\u00ednea comercial del Planeta. Que P\u00e9rez-Reverte tenga cuatro o cuatrocientos, tanto nos da: no mediremos tan s\u00f3lo a un escritor por los premios que posea, sino por un an\u00e1lisis de lo que expone en sus escritos, esto es, la forma. Me soprender\u00eda que ganara el de la Cr\u00edtica o el Nacional de Literatura, pero qui\u00e9n sabe.<\/p>\n<p style=\"text-align: justify;\"><!--more--><\/p>\n<p style=\"text-align: justify;\">Pero en lo que sin duda hay una duda m\u00e1s que razonable es en su nombramiento de acad\u00e9mico en la RAE. Es conocida la amistad que surge entre Javier Mar\u00edas y P\u00e9rez-Reverte, pero tambi\u00e9n hay un abismo literario entre la trilog\u00eda de Mar\u00edas y las novelas de P\u00e9rez-Reverte. Mar\u00edas es acad\u00e9mico, y su padre antes que \u00e9l.<\/p>\n<blockquote>\n<p style=\"text-align: justify;\"><strong>Mingote<\/strong>, el dibujante, es acad\u00e9mico. \u00bfAlguien me puede explicar c\u00f3mo un dibujante que no ha aportado nada a la cultura de este pa\u00eds -salvo el tener las amistades necesarias para ingresar en la academia- puede estar en esta instituci\u00f3n? \u00bfY por qu\u00e9 no <strong>Ib\u00e1\u00f1ez<\/strong>, ya puestos? Hablamos de la Academia, no de un club social. A no ser que el se\u00f1or Mingote sea un reputado novelista, especialista en bellas artes o gram\u00e1tico, en cuyo caso alguien deber\u00eda hablarnos de esto.<\/p>\n<\/blockquote>\n<p style=\"text-align: justify;\">En cuanto a P\u00e9rez-Reverte, su <em>Alatriste<\/em> me parece un follet\u00edn del XIX, y esto lo hace entretenido sin m\u00e1s -para quien le guste los folletines-. Se pasa un muy buen rato leyendo a <em>Alatriste, <\/em>y en esta oraci\u00f3n no encuentro nada a discutir, \u00a1salvo que a m\u00ed no me divierte! Dicho esto:<\/p>\n<blockquote>\n<p style=\"text-align: justify;\">\u00bfQu\u00e9 ha aportado, narrativamente, P\u00e9rez-Reverte a la literatura espa\u00f1ola? Que alguien me lo explique: ha creado una nueva corriente, como Valle-Incl\u00e1n con su esperpento; es vanguardia&#8230;<\/p>\n<\/blockquote>\n<blockquote>\n<p style=\"text-align: justify;\"><em>Lo que <strong>se rumorea<\/strong> sobre P\u00e9rez-Reverte es que o <strong>es la\u00edsta, lo\u00edsta o le\u00edsta, es decir, confunde el Complemento Directo con el Complemento Indirecto, y viceversa<\/strong>: es decir, para los que no sepan lo que es el la\u00edsmo, por ejemplo, dir\u00eda cosas como &#8220;la aumentaba la sensaci\u00f3n&#8221; en vez de &#8220;le aumentaba la sensaci\u00f3n&#8221; -a ella-. &#8220;La dije que viniera&#8221; en vez de &#8220;Le dije que viniera&#8221; -a ella-. <strong>No son citas sacadas de sus obras, son ejemplos de la\u00edsmo. Sin embargo, entiendo que es m\u00e1s probable que use un le\u00edsmo aprobado por la RAE en algunos contextos, o para diferenciar persona de objeto.<br \/>\n<\/strong><\/em><\/p>\n<\/blockquote>\n<blockquote>\n<p style=\"text-align: justify;\"><em><strong><span style=\"color: #ff6600;\">Esta opini\u00f3n sobre Reverte, que me ha causado no poca pol\u00e9mica, no deben tomarlo como verdad irrefutable: se desprende de una conversaci\u00f3n informal con dos profesores de la ULPGC. Pues hay que dejar el beneficio de la duda, dejo esta nota. Rectificar no s\u00e9 si es de sabios, pero s\u00ed de prudentes.<\/span><br \/>\n<\/strong><\/em><\/p>\n<\/blockquote>\n<p style=\"text-align: justify;\">Lo de la Academia tiene su guasa: los propuestos entran a formar parte de ella gracias a la mayor\u00eda de votos, y se comenta que Pere Gimferrer tiene una amplio respaldo. Recuerden que Pere Gimferrer fue Pedro durante varios a\u00f1os, tal y como se puede comprobar en la cl\u00e1sica edici\u00f3n de los <a href=\"http:\/\/es.wikipedia.org\/wiki\/Nueve_nov%C3%ADsimos_poetas_espa%C3%B1oles\" target=\"_blank\">Nueve Nov\u00edsimos de Castellet<\/a>.<\/p>\n<p style=\"text-align: justify;\">As\u00ed que llevarse bien con quien tiene los votos garantiza la entrada en la Academia, se comenta en los c\u00edrculos literarios. Esto pas\u00f3 siempre; no se entiende, de otra forma, que Merc\u00e9 Rodoreda, una brillante escritora, no haya formado parte de la Academia -ni formar\u00e1-, pero una escritora menor, repito, menor, como Soledad Pu\u00e9rtolas, haya ingresado recientemente. Y si no pase usted a analizar las obras de ambas autoras y \u00e9chese unas risas.<\/p>\n<p style=\"text-align: justify;\">En fin: que en el panorama literario se cuece lo que se cuece, sin m\u00e1s. Nada que no haya sucedido siempre: las recomendaciones y favoritismos y los centros de poder en determinadas personas que tienen la llave de entrada a instituciones de supuesto prestigio que se desprestigian a s\u00ed mismas con sus actos: \u00bf<strong>cinco mujeres acad\u00e9micas<\/strong>? Qu\u00e9 tiempos.<\/p>\n<p style=\"text-align: center;\">[email_link]\n","protected":false},"excerpt":{"rendered":"<p>Siguiendo los comentarios sobre P\u00e9rez-Reverte que suscit\u00f3 otro art\u00edculo sobre su \u00faltima novela, El asedio, y que siguen llegando de vez en cuando, y una vez razonados mis argumentos, hay dos o tres apuntes que tengo que dar, aunque esto me genere alg\u00fan que otro comentario negativo que leeremos gustosos. Estos argumentos enlazan directamente con el prestigio del autor en[&#8230;]<\/p>\n","protected":false},"author":1,"featured_media":0,"comment_status":"open","ping_status":"open","sticky":false,"template":"","format":"standard","meta":{"footnotes":""},"categories":[3608],"tags":[108,2180,2556,2770,3096],"class_list":["post-5994","post","type-post","status-publish","format-standard","hentry","category-literatura","tag-alatriste","tag-merce-rodoreda","tag-perez-reverte","tag-rae","tag-soledad-puertolas"],"_links":{"self":[{"href":"https:\/\/escribocreativo.com\/blog\/wp-json\/wp\/v2\/posts\/5994","targetHints":{"allow":["GET"]}}],"collection":[{"href":"https:\/\/escribocreativo.com\/blog\/wp-json\/wp\/v2\/posts"}],"about":[{"href":"https:\/\/escribocreativo.com\/blog\/wp-json\/wp\/v2\/types\/post"}],"author":[{"embeddable":true,"href":"https:\/\/escribocreativo.com\/blog\/wp-json\/wp\/v2\/users\/1"}],"replies":[{"embeddable":true,"href":"https:\/\/escribocreativo.com\/blog\/wp-json\/wp\/v2\/comments?post=5994"}],"version-history":[{"count":0,"href":"https:\/\/escribocreativo.com\/blog\/wp-json\/wp\/v2\/posts\/5994\/revisions"}],"wp:attachment":[{"href":"https:\/\/escribocreativo.com\/blog\/wp-json\/wp\/v2\/media?parent=5994"}],"wp:term":[{"taxonomy":"category","embeddable":true,"href":"https:\/\/escribocreativo.com\/blog\/wp-json\/wp\/v2\/categories?post=5994"},{"taxonomy":"post_tag","embeddable":true,"href":"https:\/\/escribocreativo.com\/blog\/wp-json\/wp\/v2\/tags?post=5994"}],"curies":[{"name":"wp","href":"https:\/\/api.w.org\/{rel}","templated":true}]}}