{"id":6071,"date":"2010-05-08T08:00:08","date_gmt":"2010-05-08T07:00:08","guid":{"rendered":"http:\/\/poesiamas.net\/blog\/?p=6071"},"modified":"2010-05-08T08:00:08","modified_gmt":"2010-05-08T07:00:08","slug":"la-estacion-intermedia","status":"publish","type":"post","link":"https:\/\/escribocreativo.com\/blog\/2010\/05\/08\/la-estacion-intermedia\/","title":{"rendered":"La estaci\u00f3n intermedia"},"content":{"rendered":"<p style=\"text-align: justify;\"><a href=\"https:\/\/escribocreativo.com\/blog\/wp-content\/uploads\/2010\/05\/estaciones.jpg\"><img loading=\"lazy\" decoding=\"async\" class=\"aligncenter size-medium wp-image-6072\" title=\"estaciones\" src=\"https:\/\/escribocreativo.com\/blog\/wp-content\/uploads\/2010\/05\/estaciones-247x300.jpg\" alt=\"\" width=\"247\" height=\"300\" \/><\/a><\/p>\n<p style=\"text-align: justify;\">Si no te exiges, porque no te exiges. Si te exiges demasiado, llama raudo al psic\u00f3logo porque puedes crearte un desequilibrio emocional. El tiempo se vuelve loco y en vez de placidez en el tr\u00f3pico hace un sol pic\u00f3n y un aire fresco,\u00a0 pero en cualquier momento llegan nubes llenas de polvo africano mezcladas con tormentas semitropicales y vientos de 80km\/hora que a nuestra peque\u00f1a islita se le antojan huracanes. Me pregunto d\u00f3nde estar\u00e1 la estaci\u00f3n intermedia, ese justo punto vital por el que zozobramos en nuestra inquieta vida y que me resulta m\u00e1s \u00e9pico que el laberinto del Minotauro. La estaci\u00f3n intermedia que se encuentra en ninguna parte.<\/p>\n<p style=\"text-align: center;\">[email_link]\n","protected":false},"excerpt":{"rendered":"<p>Si no te exiges, porque no te exiges. Si te exiges demasiado, llama raudo al psic\u00f3logo porque puedes crearte un desequilibrio emocional. El tiempo se vuelve loco y en vez de placidez en el tr\u00f3pico hace un sol pic\u00f3n y un aire fresco,\u00a0 pero en cualquier momento llegan nubes llenas de polvo africano mezcladas con tormentas semitropicales y vientos de[&#8230;]<\/p>\n","protected":false},"author":1,"featured_media":0,"comment_status":"open","ping_status":"open","sticky":false,"template":"","format":"standard","meta":{"footnotes":""},"categories":[10],"tags":[1210,3424],"class_list":["post-6071","post","type-post","status-publish","format-standard","hentry","category-la-ciudad-reflexiva","tag-estaciones","tag-vida"],"_links":{"self":[{"href":"https:\/\/escribocreativo.com\/blog\/wp-json\/wp\/v2\/posts\/6071","targetHints":{"allow":["GET"]}}],"collection":[{"href":"https:\/\/escribocreativo.com\/blog\/wp-json\/wp\/v2\/posts"}],"about":[{"href":"https:\/\/escribocreativo.com\/blog\/wp-json\/wp\/v2\/types\/post"}],"author":[{"embeddable":true,"href":"https:\/\/escribocreativo.com\/blog\/wp-json\/wp\/v2\/users\/1"}],"replies":[{"embeddable":true,"href":"https:\/\/escribocreativo.com\/blog\/wp-json\/wp\/v2\/comments?post=6071"}],"version-history":[{"count":0,"href":"https:\/\/escribocreativo.com\/blog\/wp-json\/wp\/v2\/posts\/6071\/revisions"}],"wp:attachment":[{"href":"https:\/\/escribocreativo.com\/blog\/wp-json\/wp\/v2\/media?parent=6071"}],"wp:term":[{"taxonomy":"category","embeddable":true,"href":"https:\/\/escribocreativo.com\/blog\/wp-json\/wp\/v2\/categories?post=6071"},{"taxonomy":"post_tag","embeddable":true,"href":"https:\/\/escribocreativo.com\/blog\/wp-json\/wp\/v2\/tags?post=6071"}],"curies":[{"name":"wp","href":"https:\/\/api.w.org\/{rel}","templated":true}]}}