{"id":6098,"date":"2010-05-12T08:00:36","date_gmt":"2010-05-12T07:00:36","guid":{"rendered":"http:\/\/poesiamas.net\/blog\/?p=6098"},"modified":"2010-05-12T08:00:36","modified_gmt":"2010-05-12T07:00:36","slug":"sol-sol-sol","status":"publish","type":"post","link":"https:\/\/escribocreativo.com\/blog\/2010\/05\/12\/sol-sol-sol\/","title":{"rendered":"Sol, sol, sol"},"content":{"rendered":"<p style=\"text-align: justify;\"><a href=\"https:\/\/escribocreativo.com\/blog\/wp-content\/uploads\/2010\/05\/feet-at-the-beach-mosaic.jpg\"><img loading=\"lazy\" decoding=\"async\" class=\"aligncenter size-medium wp-image-6100\" title=\"feet-at-the-beach-mosaic\" src=\"https:\/\/escribocreativo.com\/blog\/wp-content\/uploads\/2010\/05\/feet-at-the-beach-mosaic-300x300.jpg\" alt=\"\" width=\"300\" height=\"300\" \/><\/a><\/p>\n<p style=\"text-align: justify;\">Si no fuera porque me conozco, dir\u00eda que el sol representa todo aquello que siempre anhel\u00e9. Si uno mira fijamente, el sol te devuelve la vista, da\u00f1ada por la frustraci\u00f3n del sue\u00f1o incumplido. En esta hermosa isla, el sol sale por todas partes y, sin embargo, no lo cambio por su primo con gabardina del invierno.<\/p>\n<p style=\"text-align: justify;\">\u00bfY no caminamos alguna vez juntos el mismo camino que aquella vez nos plantaron delante? Casi dir\u00eda que de la tierra al sol hay un \u00fanico camino: el de la esperanza, el deseo de erguir la cabeza y buscar una ilusi\u00f3n que sabemos inexistente, pero que nos reconforta, como un ejemplo de voluntad hacia la derrota esperada, como si fueramos todos, en el fondo, antih\u00e9rores y s\u00f3lo ley\u00e9ramos -los que leemos- en busca de caballeros andantes y matadragones. Bien pensado, los primeros libros de autoayuda comenzaron con la Chanson de Roland y el M\u00edo Cid. Veo a aquellos nobles tratando de escapar de su rutina del castillo imaginando gestas. Claro que entonces hab\u00eda infieles contra los que luchar y pecadores como para llenar pateras y m\u00e1s pateras.<\/p>\n<p style=\"text-align: justify;\"><!--more--><\/p>\n<p style=\"text-align: justify;\">Si no fuera porque me conozco, dir\u00eda que esta isla se me queda peque\u00f1a. No s\u00f3lo f\u00edsicamente, sino en un plano espiritual. Es como una peque\u00f1a c\u00e1rcel encerrada en una porci\u00f3n de Para\u00edso, en la que uno no crece porque nunca florece nada de forma que el esp\u00edritu se sienta acompa\u00f1ado, sino, m\u00e1s bien, acomplejado. Ya dicen que el crecimiento de una flor es inapreciable, que, cuando uno menos lo espera, lo tenemos todo perdido de abejas, pulgones y dem\u00e1s chinches. Pero qu\u00e9 hacemos los impacientes, entonces.<\/p>\n<p style=\"text-align: justify;\">Bajo la dulce caricia de la brisa, que seda el azote del sol, escucho a menudo a Pink Floyd; un \u00e1lbum conceptual el de <em>The Dark Side of the Moon<\/em>, los pies creando arcos en la arena. Hecho de menos la compa\u00f1\u00eda femenina, quiz\u00e1s porque no la encuentro, y disfruto de un deambular de miradas a mis cong\u00e9neres femeninos. Algunos lo llaman mir\u00f3n, otros vouyerismo, otro libertad de acci\u00f3n, pero qu\u00e9 tiempos, entonces una malla invisible me bloquea la visi\u00f3n. Como si no tuviera suficiente con los canales digitales.<\/p>\n<p style=\"text-align: justify;\">\u00c9chese usted, cristiano o no, a la playa y d\u00e9jese llevar por el arrullo de las olas y el sue\u00f1o consciente por el miedo a la quemadura. No se estrese, ni nos estrese a los dem\u00e1s. Aporte su peque\u00f1o granito de arena a la convivencia y deje que los ni\u00f1os jueguen a la pelota; lo m\u00e1s que le puede pasar es recibir un balonazo que le despeje la mente en toda la cara, y, dulcemente, conteste a esos j\u00f3venes, reflejo de lo que fue o quiso ser usted: <em>\u00a1Cabrones! \u00a1V\u00e1yanse a jugar a otro lado! <\/em><\/p>\n<p style=\"text-align: center;\"><em>When I&#8217;m walking by the water<br \/>\nSplish splash me and you takin&#8217; a bath<br \/>\nWhen I&#8217;m walking by the water<br \/>\nCome up through my toes<br \/>\nTo my ankles,<br \/>\nTo my head,<br \/>\nTo my soul.<br \/>\nAnd I&#8217;m blown away&#8230;<br \/>\nI&#8217;m blown away&#8230;<br \/>\nI&#8217;m blown away.<\/em><\/p>\n<p style=\"text-align: center;\"><strong>Dave Matthews Band <\/strong><\/p>\n<p style=\"text-align: justify;\"><span style=\"font-size: x-small;\"><strong>Imagen:<a href=\"http:\/\/blog.verdandi.co.nz\/wp-content\/uploads\/2010\/01\/feet-at-the-beach-mosaic.jpg\" target=\"_blank\"> blog.verdandi.co.nz<\/a><\/strong><\/span><\/p>\n<p style=\"text-align: center;\">[email_link]<strong><br \/>\n<\/strong><\/p>\n","protected":false},"excerpt":{"rendered":"<p>Si no fuera porque me conozco, dir\u00eda que el sol representa todo aquello que siempre anhel\u00e9. Si uno mira fijamente, el sol te devuelve la vista, da\u00f1ada por la frustraci\u00f3n del sue\u00f1o incumplido. En esta hermosa isla, el sol sale por todas partes y, sin embargo, no lo cambio por su primo con gabardina del invierno. \u00bfY no caminamos alguna[&#8230;]<\/p>\n","protected":false},"author":1,"featured_media":0,"comment_status":"open","ping_status":"open","sticky":false,"template":"","format":"standard","meta":{"footnotes":""},"categories":[10],"tags":[469,3093],"class_list":["post-6098","post","type-post","status-publish","format-standard","hentry","category-la-ciudad-reflexiva","tag-canarias","tag-sol"],"_links":{"self":[{"href":"https:\/\/escribocreativo.com\/blog\/wp-json\/wp\/v2\/posts\/6098","targetHints":{"allow":["GET"]}}],"collection":[{"href":"https:\/\/escribocreativo.com\/blog\/wp-json\/wp\/v2\/posts"}],"about":[{"href":"https:\/\/escribocreativo.com\/blog\/wp-json\/wp\/v2\/types\/post"}],"author":[{"embeddable":true,"href":"https:\/\/escribocreativo.com\/blog\/wp-json\/wp\/v2\/users\/1"}],"replies":[{"embeddable":true,"href":"https:\/\/escribocreativo.com\/blog\/wp-json\/wp\/v2\/comments?post=6098"}],"version-history":[{"count":0,"href":"https:\/\/escribocreativo.com\/blog\/wp-json\/wp\/v2\/posts\/6098\/revisions"}],"wp:attachment":[{"href":"https:\/\/escribocreativo.com\/blog\/wp-json\/wp\/v2\/media?parent=6098"}],"wp:term":[{"taxonomy":"category","embeddable":true,"href":"https:\/\/escribocreativo.com\/blog\/wp-json\/wp\/v2\/categories?post=6098"},{"taxonomy":"post_tag","embeddable":true,"href":"https:\/\/escribocreativo.com\/blog\/wp-json\/wp\/v2\/tags?post=6098"}],"curies":[{"name":"wp","href":"https:\/\/api.w.org\/{rel}","templated":true}]}}