{"id":6173,"date":"2010-05-28T18:17:19","date_gmt":"2010-05-28T17:17:19","guid":{"rendered":"http:\/\/poesiamas.net\/blog\/?p=6173"},"modified":"2010-05-28T18:17:19","modified_gmt":"2010-05-28T17:17:19","slug":"los-comentaristas-de-mi-bico","status":"publish","type":"post","link":"https:\/\/escribocreativo.com\/blog\/2010\/05\/28\/los-comentaristas-de-mi-bico\/","title":{"rendered":"Los comentaristas de mi bico"},"content":{"rendered":"<p style=\"text-align: justify;\"><a href=\"https:\/\/escribocreativo.com\/blog\/wp-content\/uploads\/2010\/05\/gummy.jpg\"><img loading=\"lazy\" decoding=\"async\" class=\"aligncenter size-medium wp-image-6174\" title=\"gummy\" src=\"https:\/\/escribocreativo.com\/blog\/wp-content\/uploads\/2010\/05\/gummy-225x300.jpg\" alt=\"\" width=\"225\" height=\"300\" \/><\/a><\/p>\n<p style=\"text-align: justify;\"><strong>Aqu\u00ed un art\u00edculo dedicado a los comentaristas, habituales o reci\u00e9n llegados, de la bit\u00e1cora, en modo breve que ya me estoy yendo, por la necesidad de tiempo apremiante y apremioso, seg\u00fan lo que me inspiran sus susodichos comentarios comentariosos sobre mis art\u00edculos articulosos y a los que no tengo el tiempo que se merecen para ser respondidos con mi capacidad UNIneuronal tan bien conocida por estos ciberandurriales.<\/strong><\/p>\n<p style=\"text-align: justify;\">Bell: Un presunto presuntuoso, en los juzgados. \ud83d\ude00<\/p>\n<p style=\"text-align: justify;\">\u00c1ngel: \u00a1Pero muyayo! \ud83d\ude00<\/p>\n<p style=\"text-align: justify;\">EURICE: Qu\u00e9 fuerte, t\u00eda, te lo juro, pero qu\u00e9, qu\u00e9, qu\u00e9, qu\u00e9 fuerte, es que no me lo puedo creer, \u00a1qu\u00e9 fuerte! \ud83d\ude09<\/p>\n<p style=\"text-align: justify;\">Mere: (apocopadamente) De n\u00e1. \ud83d\ude09<\/p>\n<p style=\"text-align: justify;\">Balovega: Yo deseo que por cada buen fin de semana que yo tenga, t\u00fa tengas dos. \ud83d\ude00<\/p>\n<p style=\"text-align: justify;\">Kiram: Eso de aprovechar la m\u00ednima para mentar al novio ya no se lleva \ud83d\udc7f<\/p>\n<p style=\"text-align: justify;\">Alijodos: Dicho con amor: es una pena pero que otros no tengan tiempo, lamentablemente, no me soluciona nada, ando en el pico de estr\u00e9s. \ud83d\ude09<\/p>\n<p style=\"text-align: justify;\">Tania: En Dios no: \u00bfy en Marx? -superestructura y subestructura, alienaci\u00f3n, la religi\u00f3n es el opio del pueblo,\u00a0 conciencia de clase, etc.-.<\/p>\n<p style=\"text-align: justify;\">Juan: Y luego dicen que en Espa\u00f1a se piratea, \u00a1la gente est\u00e1 loca! \ud83d\ude00<\/p>\n<p style=\"text-align: justify;\">Leticia: Eres como el r\u00edo Guadiana -en Espa\u00f1a-, que aparece y desaparece seg\u00fan las estaciones pero es siempre bienvenido. \ud83d\ude09<\/p>\n<p style=\"text-align: justify;\">Unai: Azagra ya lo dijo todo en El Jueves. \u00a1Ay!, mis <em>Historias de la puta mili<\/em>. \ud83d\ude00<\/p>\n<p style=\"text-align: center;\"><object classid=\"clsid:d27cdb6e-ae6d-11cf-96b8-444553540000\" width=\"480\" height=\"385\" codebase=\"http:\/\/download.macromedia.com\/pub\/shockwave\/cabs\/flash\/swflash.cab#version=6,0,40,0\"><param name=\"allowFullScreen\" value=\"true\" \/><param name=\"allowscriptaccess\" value=\"always\" \/><param name=\"src\" value=\"http:\/\/www.youtube.com\/v\/1ZXui-dcTt0&amp;hl=es_ES&amp;fs=1&amp;\" \/><param name=\"allowfullscreen\" value=\"true\" \/><embed type=\"application\/x-shockwave-flash\" width=\"480\" height=\"385\" src=\"http:\/\/www.youtube.com\/v\/1ZXui-dcTt0&amp;hl=es_ES&amp;fs=1&amp;\" allowscriptaccess=\"always\" allowfullscreen=\"true\"><\/embed><\/object><\/p>\n<p style=\"text-align: center;\">Mark Knopfler -es decir, Dios tocando la guitarra-, versi\u00f3n<\/p>\n<p style=\"text-align: center;\">Krusty, el payaso de los Simpson.<\/p>\n<p style=\"text-align: center;\">(C\u00f3mo he podido decir este sacrilegio de mi \u00eddolo)<\/p>\n<p style=\"text-align: center;\">\ud83d\ude00<\/p>\n<p style=\"text-align: center;\">[email_link]\n","protected":false},"excerpt":{"rendered":"<p>Aqu\u00ed un art\u00edculo dedicado a los comentaristas, habituales o reci\u00e9n llegados, de la bit\u00e1cora, en modo breve que ya me estoy yendo, por la necesidad de tiempo apremiante y apremioso, seg\u00fan lo que me inspiran sus susodichos comentarios comentariosos sobre mis art\u00edculos articulosos y a los que no tengo el tiempo que se merecen para ser respondidos con mi capacidad[&#8230;]<\/p>\n","protected":false},"author":1,"featured_media":0,"comment_status":"open","ping_status":"open","sticky":false,"template":"","format":"standard","meta":{"footnotes":""},"categories":[3],"tags":[368,653],"class_list":["post-6173","post","type-post","status-publish","format-standard","hentry","category-web-20","tag-blogs","tag-comentarios"],"_links":{"self":[{"href":"https:\/\/escribocreativo.com\/blog\/wp-json\/wp\/v2\/posts\/6173","targetHints":{"allow":["GET"]}}],"collection":[{"href":"https:\/\/escribocreativo.com\/blog\/wp-json\/wp\/v2\/posts"}],"about":[{"href":"https:\/\/escribocreativo.com\/blog\/wp-json\/wp\/v2\/types\/post"}],"author":[{"embeddable":true,"href":"https:\/\/escribocreativo.com\/blog\/wp-json\/wp\/v2\/users\/1"}],"replies":[{"embeddable":true,"href":"https:\/\/escribocreativo.com\/blog\/wp-json\/wp\/v2\/comments?post=6173"}],"version-history":[{"count":0,"href":"https:\/\/escribocreativo.com\/blog\/wp-json\/wp\/v2\/posts\/6173\/revisions"}],"wp:attachment":[{"href":"https:\/\/escribocreativo.com\/blog\/wp-json\/wp\/v2\/media?parent=6173"}],"wp:term":[{"taxonomy":"category","embeddable":true,"href":"https:\/\/escribocreativo.com\/blog\/wp-json\/wp\/v2\/categories?post=6173"},{"taxonomy":"post_tag","embeddable":true,"href":"https:\/\/escribocreativo.com\/blog\/wp-json\/wp\/v2\/tags?post=6173"}],"curies":[{"name":"wp","href":"https:\/\/api.w.org\/{rel}","templated":true}]}}