{"id":6187,"date":"2010-06-01T21:00:38","date_gmt":"2010-06-01T20:00:38","guid":{"rendered":"http:\/\/poesiamas.net\/blog\/?p=6187"},"modified":"2015-03-11T13:55:37","modified_gmt":"2015-03-11T13:55:37","slug":"gramatica-del-corazon","status":"publish","type":"post","link":"https:\/\/escribocreativo.com\/blog\/2010\/06\/01\/gramatica-del-corazon\/","title":{"rendered":"Gram\u00e1tica del coraz\u00f3n"},"content":{"rendered":"<p style=\"text-align: justify;\"><a href=\"https:\/\/escribocreativo.com\/blog\/wp-content\/uploads\/2010\/06\/grammar1.jpg\"><img loading=\"lazy\" decoding=\"async\" class=\"aligncenter size-full wp-image-6203\" title=\"grammar\" src=\"https:\/\/escribocreativo.com\/blog\/wp-content\/uploads\/2010\/06\/grammar1.jpg\" alt=\"\" width=\"257\" height=\"175\" \/><\/a><\/p>\n<p style=\"text-align: justify;\">Soy un hombre a la b\u00fasqueda de un adjetivo. Le digo: te amo, te adoro, eres mi vida, te deseo, me enciendes, eres una diosa, con esa braguita verde de tiras finas redondeando tus nalgas.<\/p>\n<p style=\"text-align: justify;\">Nunca estoy convencido de si le llega mi mensaje; como no puedo ver mis ojos, no s\u00e9 si mi mirada la atraviesa, o si mi abrazo al despertarnos juntos le hace llegar la energ\u00eda que canalizo por su cercan\u00eda. Es el carb\u00f3n de mi llama.<\/p>\n<p style=\"text-align: justify;\">Me quedo pensando: \u00bfy si no entiende que paso las veinticuatro horas del d\u00eda en ella, siempre asomando en mis pensamientos en alg\u00fan resquicio, y eso cuando no pienso exactamente en sus ojos y su cabello reci\u00e9n de rubio?<\/p>\n<p style=\"text-align: justify;\"><!--more--><\/p>\n<p style=\"text-align: justify;\">No me quedan dudas: si acaso, mi cuerpo me traiciona, y me desespero, porque mi mente va hacia un lado y a veces mi cuerpo hacia otro, y temo que piense lo contrario de lo que realmente es. Incluso con todo lo que puedo llegar a expresar a veces es demasiado intenso e inexplicable para poder transformarlo en palabras;\u00a0 mi deseo es como una larva de mariposa que no se libera sino en contadas ocasiones.<\/p>\n<p style=\"text-align: justify;\">La siento a todas horas, en cada tecla de mi m\u00e1quina, y tras horas y horas componi\u00e9ndole poemas me extra\u00f1o al leer el fruto de mi esfuerzo: sin palabras, leo, por toda respuesta en la hoja en blanco. Busco desesperado el adjetivo \u00fanico, que me esquiva; el adjetivo que lo envuelva todo, inequ\u00edvoco, totalizado, universo de mi todo, la sangre de mis venas, la que me sube al cuello y me revienta en el cerebro, la que cae hasta los pies y me eriza por el contacto con su cuerpo; o, en su ausencia, la sangre que derramo en la pena de su ausencia. Una pena real, descarnada, sin adjetivo.<\/p>\n<p style=\"text-align: justify;\"><a href=\"https:\/\/escribocreativo.com\/blog\/wp-content\/uploads\/2010\/06\/sin-palabras.jpg\"><img loading=\"lazy\" decoding=\"async\" class=\"aligncenter size-medium wp-image-6191\" title=\"sin-palabras\" src=\"https:\/\/escribocreativo.com\/blog\/wp-content\/uploads\/2010\/06\/sin-palabras-300x217.jpg\" alt=\"\" width=\"300\" height=\"217\" \/><\/a><\/p>\n<p style=\"text-align: justify;\">Y cuando concluya este texto y cierre con un punto\u00a0 final; incluso entonces, ella me ha transformado todo, la vida entera, la gram\u00e1tica de mi coraz\u00f3n, esta rubia de braguitas verdes, y con ella todo punto es ahora un punto y seguido, por siempre, en mi deseo, \u00a0la oraci\u00f3n santa de mi vida.<\/p>\n<p style=\"text-align: center;\">[email_link]\n","protected":false},"excerpt":{"rendered":"<p>Soy un hombre a la b\u00fasqueda de un adjetivo. Le digo: te amo, te adoro, eres mi vida, te deseo, me enciendes, eres una diosa, con esa braguita verde de tiras finas redondeando tus nalgas. Nunca estoy convencido de si le llega mi mensaje; como no puedo ver mis ojos, no s\u00e9 si mi mirada la atraviesa, o si mi[&#8230;]<\/p>\n","protected":false},"author":1,"featured_media":0,"comment_status":"open","ping_status":"open","sticky":false,"template":"","format":"standard","meta":{"footnotes":""},"categories":[10],"tags":[889,1463],"class_list":["post-6187","post","type-post","status-publish","format-standard","hentry","category-la-ciudad-reflexiva","tag-deseo","tag-gramatica"],"_links":{"self":[{"href":"https:\/\/escribocreativo.com\/blog\/wp-json\/wp\/v2\/posts\/6187","targetHints":{"allow":["GET"]}}],"collection":[{"href":"https:\/\/escribocreativo.com\/blog\/wp-json\/wp\/v2\/posts"}],"about":[{"href":"https:\/\/escribocreativo.com\/blog\/wp-json\/wp\/v2\/types\/post"}],"author":[{"embeddable":true,"href":"https:\/\/escribocreativo.com\/blog\/wp-json\/wp\/v2\/users\/1"}],"replies":[{"embeddable":true,"href":"https:\/\/escribocreativo.com\/blog\/wp-json\/wp\/v2\/comments?post=6187"}],"version-history":[{"count":0,"href":"https:\/\/escribocreativo.com\/blog\/wp-json\/wp\/v2\/posts\/6187\/revisions"}],"wp:attachment":[{"href":"https:\/\/escribocreativo.com\/blog\/wp-json\/wp\/v2\/media?parent=6187"}],"wp:term":[{"taxonomy":"category","embeddable":true,"href":"https:\/\/escribocreativo.com\/blog\/wp-json\/wp\/v2\/categories?post=6187"},{"taxonomy":"post_tag","embeddable":true,"href":"https:\/\/escribocreativo.com\/blog\/wp-json\/wp\/v2\/tags?post=6187"}],"curies":[{"name":"wp","href":"https:\/\/api.w.org\/{rel}","templated":true}]}}