{"id":6300,"date":"2010-07-09T11:11:05","date_gmt":"2010-07-09T10:11:05","guid":{"rendered":"http:\/\/poesiamas.net\/blog\/?p=6300"},"modified":"2015-03-14T00:51:11","modified_gmt":"2015-03-14T00:51:11","slug":"vuelve-mi-abuelo-volvio-de-la-guerra","status":"publish","type":"post","link":"https:\/\/escribocreativo.com\/blog\/2010\/07\/09\/vuelve-mi-abuelo-volvio-de-la-guerra\/","title":{"rendered":"Vuelve Mi abuelo volvi\u00f3 de la guerra"},"content":{"rendered":"<p style=\"text-align: justify;\"><a href=\"https:\/\/escribocreativo.com\/blog\/wp-content\/uploads\/2009\/11\/blogabuelologo.jpg\"><img loading=\"lazy\" decoding=\"async\" class=\"aligncenter size-full wp-image-4797\" title=\"blogabuelologo\" src=\"https:\/\/escribocreativo.com\/blog\/wp-content\/uploads\/2009\/11\/blogabuelologo.jpg\" alt=\"\" width=\"203\" height=\"53\" \/><\/a><\/p>\n<p style=\"text-align: justify;\">\u00a1Hemos vuelto! Mi abuelo vuelve a retomar sus an\u00e9cdotas de la guerra civil : en la bit\u00e1cora de <a href=\"https:\/\/escribocreativo.com\/blogabuelo\/\" target=\"_blank\">Mi abuelo volvi\u00f3 de la guerra<\/a> se han a\u00f1adido los <a href=\"https:\/\/escribocreativo.com\/blogabuelo\/2010\/07\/08\/capitulo-xxix-la-ronda-de-los-presos\/\" target=\"_blank\">cap\u00edtulos XXIX (La ronda de los presos)<\/a> y <a href=\"https:\/\/escribocreativo.com\/blogabuelo\/2010\/07\/08\/capitulo-xxx-juicio-el-fusilamiento\/\" target=\"_blank\">XXX (Juicio. El fusilamiento).<\/a><\/p>\n<p style=\"text-align: justify;\">En ellos habla de c\u00f3mo se trataban los presos en la \u00e9poca y de un tema escabroso hoy d\u00eda gracias a la pol\u00e9mica <a href=\"http:\/\/es.wikipedia.org\/wiki\/Ley_de_Memoria_Hist%C3%B3rica_de_Espa%C3%B1a\" target=\"_blank\">Ley de Memoria Hist\u00f3rica de Espa\u00f1a<\/a>: el desarrollo de un juicio y el crimen cometido por unos supuestos revolucionaros. \u00bfQu\u00e9 crimen? \u00bfY c\u00f3mo fue el castigo? Mejor no desvelo nada y lo averiguas en un santiam\u00e9n; te dejo un peque\u00f1o fragmento a modo de aperitivo:<\/p>\n<blockquote style=\"text-align: justify;\"><p>Un  se\u00f1or, de cierta edad, dio unos pasos a derecha e izquierda y dijo para  luego callar:<\/p>\n<p>-\u00a1Soldados,  tiradme al coraz\u00f3n para que no me hagan sufrir, ya que vosotros no  ten\u00e9is culpa, solo cumpl\u00eds con vuestro deber!<\/p>\n<p>A todos  se les dijo que si quer\u00edan volverse de espalda o que les vendaran los  ojos, a lo que ellos contestaron que no.<\/p>\n<p><!--more--><\/p>\n<p>Nos  colocamos a cinco o seis metros. Para cada reo \u00e9ramos tres tiradores;  dos a rodilla en tierra y uno de pie. El Alf\u00e9rez dio la orden:<\/p>\n<p>-\u00a1Carguen,  apunten&#8230; fuego!<\/p>\n<p>Pero el  Alf\u00e9rez hab\u00eda equivocado la posici\u00f3n de uno de los grupos, resultando  que dos apuntaron al mismo reo, por lo que qued\u00f3 uno de pie, con sus  compa\u00f1eros muertos en el suelo del cementerio<\/p><\/blockquote>\n<p style=\"text-align: justify;\">Seguiremos publicando un par de cap\u00edtulos semanales porque quedan muchas cosas por contar. \u00a1Un abrazo de parte de mi abuelo y m\u00edo y gracias por seguir sus  aventuras!<\/p>\n<p style=\"text-align: center;\">[email_link]\n","protected":false},"excerpt":{"rendered":"<p>\u00a1Hemos vuelto! Mi abuelo vuelve a retomar sus an\u00e9cdotas de la guerra civil : en la bit\u00e1cora de Mi abuelo volvi\u00f3 de la guerra se han a\u00f1adido los cap\u00edtulos XXIX (La ronda de los presos) y XXX (Juicio. El fusilamiento). En ellos habla de c\u00f3mo se trataban los presos en la \u00e9poca y de un tema escabroso hoy d\u00eda gracias[&#8230;]<\/p>\n","protected":false},"author":1,"featured_media":0,"comment_status":"open","ping_status":"open","sticky":false,"template":"","format":"standard","meta":{"footnotes":""},"categories":[3608],"tags":[1486,1794,1948,2194,2698,2837],"class_list":["post-6300","post","type-post","status-publish","format-standard","hentry","category-literatura","tag-guerra-civil","tag-juicios","tag-ley-de-memoria-historica","tag-mi-abuelo-volvio-de-la-guerra","tag-preso","tag-reo"],"_links":{"self":[{"href":"https:\/\/escribocreativo.com\/blog\/wp-json\/wp\/v2\/posts\/6300","targetHints":{"allow":["GET"]}}],"collection":[{"href":"https:\/\/escribocreativo.com\/blog\/wp-json\/wp\/v2\/posts"}],"about":[{"href":"https:\/\/escribocreativo.com\/blog\/wp-json\/wp\/v2\/types\/post"}],"author":[{"embeddable":true,"href":"https:\/\/escribocreativo.com\/blog\/wp-json\/wp\/v2\/users\/1"}],"replies":[{"embeddable":true,"href":"https:\/\/escribocreativo.com\/blog\/wp-json\/wp\/v2\/comments?post=6300"}],"version-history":[{"count":0,"href":"https:\/\/escribocreativo.com\/blog\/wp-json\/wp\/v2\/posts\/6300\/revisions"}],"wp:attachment":[{"href":"https:\/\/escribocreativo.com\/blog\/wp-json\/wp\/v2\/media?parent=6300"}],"wp:term":[{"taxonomy":"category","embeddable":true,"href":"https:\/\/escribocreativo.com\/blog\/wp-json\/wp\/v2\/categories?post=6300"},{"taxonomy":"post_tag","embeddable":true,"href":"https:\/\/escribocreativo.com\/blog\/wp-json\/wp\/v2\/tags?post=6300"}],"curies":[{"name":"wp","href":"https:\/\/api.w.org\/{rel}","templated":true}]}}