{"id":6319,"date":"2010-07-13T18:00:48","date_gmt":"2010-07-13T17:00:48","guid":{"rendered":"http:\/\/poesiamas.net\/blog\/?p=6319"},"modified":"2015-03-14T01:07:40","modified_gmt":"2015-03-14T01:07:40","slug":"aspectos-del-cuento-para-escritores","status":"publish","type":"post","link":"https:\/\/escribocreativo.com\/blog\/2010\/07\/13\/aspectos-del-cuento-para-escritores\/","title":{"rendered":"Aspectos del cuento para escritores"},"content":{"rendered":"<p style=\"text-align: justify;\"><a href=\"https:\/\/escribocreativo.com\/blog\/wp-content\/uploads\/2010\/07\/obras_cortazar_cuentos.jpg\"><img loading=\"lazy\" decoding=\"async\" class=\"aligncenter size-full wp-image-6320\" title=\"obras_cortazar_cuentos\" src=\"https:\/\/escribocreativo.com\/blog\/wp-content\/uploads\/2010\/07\/obras_cortazar_cuentos.jpg\" alt=\"\" width=\"194\" height=\"300\" \/><\/a>El cuentista sabe que no              puede proceder acumulativamente, que no tiene por aliado al  tiempo;              su \u00fanico recurso es trabajar en profundidad, verticalmente,  sea              hacia arriba o hacia abajo del espacio literario. Y esto,  que as\u00ed              expresado parece una met\u00e1fora, expresa sin embargo lo  esencial del              m\u00e9todo.<\/p>\n<p style=\"text-align: justify;\">El tiempo del cuento y el espacio del cuento tienen  que              estar como condenados, sometidos a una alta presi\u00f3n  espiritual y              formal para provocar esa &#8220;apertura&#8221; a que me refer\u00eda antes.<\/p>\n<p style=\"text-align: justify;\">Basta              preguntarse por qu\u00e9 un determinado cuento es malo. No es  malo por el              tema, porque en literatura no hay temas buenos ni temas  malos,              solamente hay un buen o un mal tratamiento del tema. Tampoco  es malo              porque los personajes carecen de inter\u00e9s, ya que hasta una  piedra es              interesante cuando de ella se ocupan un Henry James o un  Franz Kafka.              Un cuento es malo cuando se lo escribe sin esa tensi\u00f3n que  debe              manifestarse desde las primeras palabras o las primeras  escenas.<\/p>\n<p style=\"text-align: justify;\"><!--more--><\/p>\n<p style=\"text-align: justify;\">Un cuento es              significativo cuando quiebra sus propios l\u00edmites con esa  explosi\u00f3n              de energ\u00eda espiritual que ilumina bruscamente algo que va  mucho m\u00e1s              all\u00e1 de la peque\u00f1a y a veces miserable an\u00e9cdota que cuenta.  Pienso,              por ejemplo, en el tema de la mayor\u00eda de los admirables  relatos de              Ant\u00f3n   Chejov.  \u00bfQu\u00e9 hay all\u00ed que no sea tristemente cotidiano,              mediocre, muchas veces conformista o in\u00fatilmente rebelde?<\/p>\n<p style=\"text-align: justify;\">Con el tiempo, con los fracasos,              el cuentista capaz de superar esa primera etapa ingenua,  aprende que              en la literatura no bastan las buenas intenciones. Descubre  que para              volver a crear en el lector esa conmoci\u00f3n que lo llev\u00f3 a \u00e9l a               escribir el cuento, es necesario un oficio de escritor, y  que ese              oficio consiste, entre muchas otras cosas, en lograr ese  clima              propio de todo gran cuento, que obliga a seguir leyendo, que  atrapa              la atenci\u00f3n, que a\u00edsla al lector de todo lo que lo rodea  para              despu\u00e9s, terminado el cuento, volver a conectarlo con sus              circunstancias de una manera nueva, enriquecida, m\u00e1s honda o  m\u00e1s              hermosa.<\/p>\n<p style=\"text-align: justify;\">Y la \u00fanica forma en que puede conseguirse este  secuestro              moment\u00e1neo del lector es mediante un estilo basado en la  intensidad              y en la tensi\u00f3n, un estilo en el que los elementos formales y               expresivos se ajusten, sin la menor concesi\u00f3n, a la \u00edndole  del tema,              le den su forma visual y auditiva m\u00e1s penetrante y original,  lo              vuelvan \u00fanico, inolvidable, lo fijen para siempre en su  tiempo y en              su ambiente y en su sentido m\u00e1s primordial. Lo que llamo  intensidad              en un cuento consiste en la eliminaci\u00f3n de todas las ideas o               situaciones intermedias, de todos los rellenos o fases de  transici\u00f3n              que la novela permite e incluso exige.<\/p>\n<p style=\"text-align: justify;\">Pero pensemos ahora en los cuentos de Joseph              Conrad, de D. H. Lawrence, de               Kafka. En ellos, con  modalidades              t\u00edpicas de cada uno, la intensidad es de otro orden, y yo  prefiero              darle el nombre de tensi\u00f3n. Es una intensidad que se ejerce  en  la              manera con que el autor nos va acercando lentamente a lo  contado.              Todav\u00eda estamos muy lejos de saber lo que va a ocurrir en el  cuento,              y sin embargo no podemos sustraernos a su atm\u00f3sfera.<\/p>\n<p style=\"text-align: justify;\">En el  caso de             El barril de amontillado y de Los asesinos,  los hechos              despojados de toda preparaci\u00f3n saltan sobre nosotros y nos  atrapan;              en cambio, en un relato demorado y caudaloso de Henry James  -La              lecci\u00f3n del maestro, por ejemplo- se siente de inmediato que  los              hechos en s\u00ed carecen de importancia, que todo est\u00e1 en las  fuerzas              que los desencadenaron, en la malla sutil que los precedi\u00f3 y  los              acompa\u00f1a. Pero tanto la intensidad de la acci\u00f3n como la  tensi\u00f3n              interna del relato son el producto de lo que antes llam\u00e9 el  oficio              de escritor, y es aqu\u00ed donde nos vamos acercando al final de  este              paseo por el cuento.<\/p>\n<p style=\"text-align: justify;\">Fragmentos de <em><a href=\"http:\/\/www.scribd.com\/doc\/19243289\/Julio-CortazarAspectos-del-cuento\" target=\"_blank\">Aspectos del cuento<\/a><\/em>, Julio Cort\u00e1zar.<\/p>\n<p style=\"text-align: center;\">[email_link]\n","protected":false},"excerpt":{"rendered":"<p>El cuentista sabe que no puede proceder acumulativamente, que no tiene por aliado al tiempo; su \u00fanico recurso es trabajar en profundidad, verticalmente, sea hacia arriba o hacia abajo del espacio literario. Y esto, que as\u00ed expresado parece una met\u00e1fora, expresa sin embargo lo esencial del m\u00e9todo. El tiempo del cuento y el espacio del cuento tienen que estar como[&#8230;]<\/p>\n","protected":false},"author":1,"featured_media":0,"comment_status":"open","ping_status":"open","sticky":false,"template":"","format":"standard","meta":{"footnotes":""},"categories":[3561],"tags":[232,1803],"class_list":["post-6319","post","type-post","status-publish","format-standard","hentry","category-escritura-creativa","tag-aspectos-del-cuento","tag-julio-cortazar"],"_links":{"self":[{"href":"https:\/\/escribocreativo.com\/blog\/wp-json\/wp\/v2\/posts\/6319","targetHints":{"allow":["GET"]}}],"collection":[{"href":"https:\/\/escribocreativo.com\/blog\/wp-json\/wp\/v2\/posts"}],"about":[{"href":"https:\/\/escribocreativo.com\/blog\/wp-json\/wp\/v2\/types\/post"}],"author":[{"embeddable":true,"href":"https:\/\/escribocreativo.com\/blog\/wp-json\/wp\/v2\/users\/1"}],"replies":[{"embeddable":true,"href":"https:\/\/escribocreativo.com\/blog\/wp-json\/wp\/v2\/comments?post=6319"}],"version-history":[{"count":0,"href":"https:\/\/escribocreativo.com\/blog\/wp-json\/wp\/v2\/posts\/6319\/revisions"}],"wp:attachment":[{"href":"https:\/\/escribocreativo.com\/blog\/wp-json\/wp\/v2\/media?parent=6319"}],"wp:term":[{"taxonomy":"category","embeddable":true,"href":"https:\/\/escribocreativo.com\/blog\/wp-json\/wp\/v2\/categories?post=6319"},{"taxonomy":"post_tag","embeddable":true,"href":"https:\/\/escribocreativo.com\/blog\/wp-json\/wp\/v2\/tags?post=6319"}],"curies":[{"name":"wp","href":"https:\/\/api.w.org\/{rel}","templated":true}]}}