{"id":6361,"date":"2010-07-16T03:33:59","date_gmt":"2010-07-16T02:33:59","guid":{"rendered":"http:\/\/poesiamas.net\/blog\/?p=6361"},"modified":"2010-07-16T03:33:59","modified_gmt":"2010-07-16T02:33:59","slug":"pon-un-maestro-zen-en-tu-vida","status":"publish","type":"post","link":"https:\/\/escribocreativo.com\/blog\/2010\/07\/16\/pon-un-maestro-zen-en-tu-vida\/","title":{"rendered":"Pon un maestro zen en tu vida"},"content":{"rendered":"<p style=\"text-align: justify;\"><a href=\"https:\/\/escribocreativo.com\/blog\/wp-content\/uploads\/2010\/07\/maestro_zen_taisen_deshimaru_zazen.jpg\"><img loading=\"lazy\" decoding=\"async\" class=\"aligncenter size-medium wp-image-6362\" title=\"maestro_zen_taisen_deshimaru_zazen\" src=\"https:\/\/escribocreativo.com\/blog\/wp-content\/uploads\/2010\/07\/maestro_zen_taisen_deshimaru_zazen-200x300.jpg\" alt=\"\" width=\"200\" height=\"300\" \/><\/a>Cuenta la historia de un ni\u00f1o que naci\u00f3 en una familia muy rica, por lo  que cuando su madre dio a luz todo el mundo empez\u00f3 a decir: \u201c\u00a1qu\u00e9 ni\u00f1o m\u00e1s  afortunado!\u201d.<\/p>\n<p style=\"text-align: justify;\">A lo que el Maestro Zen dijo: \u201cYa se  ver\u00e1\u201d.<\/p>\n<p style=\"text-align: justify;\">Un d\u00eda el ni\u00f1o se cay\u00f3 del caballo y se  rompi\u00f3 las dos piernas. Todo el mundo empez\u00f3 a decir: \u201cQu\u00e9 mala suerte.  Qu\u00e9 ni\u00f1o m\u00e1s desafortunado\u201d.<\/p>\n<p style=\"text-align: justify;\"><!--more--><\/p>\n<p style=\"text-align: justify;\">Entonces alguien pregunt\u00f3 al Maestro  Zen y \u00e9l respondi\u00f3: \u201cYa se ver\u00e1\u201d.<\/p>\n<p style=\"text-align: justify;\">Al cabo de unos meses estall\u00f3  una guerra.\u00a0 El  chico, como ten\u00eda las piernas rotas, se salv\u00f3 de ir a la guerra.  Entonces todo el mundo empez\u00f3 a decir: \u201cQu\u00e9 suerte. Qu\u00e9 ni\u00f1o m\u00e1s  afortunado\u201d.<\/p>\n<p style=\"text-align: justify;\">Entonces alguien pregunt\u00f3 al Maestro  Zen y \u00e9l respondi\u00f3: \u201cYa se ver\u00e1\u201d.<\/p>\n<p style=\"text-align: center;\"><strong>[Otros cuentos del maestro zen]<\/strong><\/p>\n<p style=\"text-align: justify;\">-Hola, buenas, qu\u00e9 tal.<\/p>\n<p style=\"text-align: justify;\">-Ohmmmmmm&#8230;<\/p>\n<p style=\"text-align: justify;\">-\u00a1Hola! \u00a1Buenas!<\/p>\n<p style=\"text-align: justify;\">-Ohmmmmmm&#8230;<\/p>\n<p style=\"text-align: justify;\">-\u00a1Chacho!<\/p>\n<p style=\"text-align: justify;\">-\u00bfEh? \u00a1Oh! Dime, hijo, estaba inmerso en mi meditaci\u00f3n vespertina, \u00bfen qu\u00e9 puedo ayudarte?<\/p>\n<p style=\"text-align: justify;\">-Es que tengo un problemilla.<\/p>\n<p style=\"text-align: justify;\">-Bueno, ya se ver\u00e1.<\/p>\n<p style=\"text-align: justify;\">-Pero d\u00e9jame que te cuente.<\/p>\n<p style=\"text-align: justify;\">-Bueno, eso ya se ver\u00e1.<\/p>\n<p style=\"text-align: justify;\">-\u00bfSe refiere a mi problema?<\/p>\n<p style=\"text-align: justify;\">-Eso ya se ver\u00e1 tambi\u00e9n.<\/p>\n<p style=\"text-align: justify;\">-\u00bfMe est\u00e1s vacilando?<\/p>\n<p style=\"text-align: justify;\">-Ya se ver\u00e1, hijo.<\/p>\n<p style=\"text-align: justify;\">-A que te mando a tomar por culo.<\/p>\n<p style=\"text-align: justify;\">-Eso ya se ver\u00e1.<\/p>\n<p style=\"text-align: justify;\">-\u00a1Vete a tomar por culo!<\/p>\n<p style=\"text-align: justify;\">-Ya se ver\u00e1, hijo.<\/p>\n<p style=\"text-align: justify;\">-Me cago en&#8230; \u00a1ti!<\/p>\n<p style=\"text-align: justify;\">-Ya se ver\u00e1, hijo.<\/p>\n<p style=\"text-align: justify;\">-\u00a1A que me cago! \u00a1A que cojo la escalera esa y me cago sobre ti, puto monje de mierda!<\/p>\n<p style=\"text-align: justify;\">-Se ver\u00e1, hijo.<\/p>\n<p style=\"text-align: justify;\">-\u00a1Me subo! \u00a1Mira! \u00a1Me estoy subiendo! \u00a1Vas a negar eso tambi\u00e9n! \u00a1Me bajo los pantalones! \u00a1Mira, mira mi culo! \u00a1Vas a ver c\u00f3mo me cago!<\/p>\n<p style=\"text-align: justify;\">-Ya se ver\u00e1.<\/p>\n<p style=\"text-align: justify;\">-\u00a1Ah! \u00a1Vas a negar que me puedo cagar sobre ti! \u00a1Tambi\u00e9n vas a dudar de la ley f\u00edsica de la gravedad! \u00a1Tambi\u00e9n de eso!<\/p>\n<p style=\"text-align: justify;\">-Ya se ver\u00e1, hijo.<\/p>\n<p style=\"text-align: justify;\">-\u00a1Mira! \u00a1Zas! \u00a1En toda tu cara! \u00a1Te acabo de plantar un pino en toda tu cara! \u00a1Qu\u00e9 dices ahora, hare krishna de mierda!<\/p>\n<p style=\"text-align: justify;\">-Ya se ver\u00e1, hijo.<\/p>\n<p style=\"text-align: justify;\">-\u00a1Qu\u00e9 hay que ver! \u00a1Me acabo de cagar en tu cara! \u00a1Es un hecho incontestable! \u00a1No hay nada que ver! \u00a1Mira c\u00f3mo te resbala la mierda sobre tu cara!<\/p>\n<p style=\"text-align: justify;\">-Ya se ver\u00e1, hijo.<\/p>\n<p style=\"text-align: justify;\">-\u00a1Lo grabo con el m\u00f3vil! \u00a1Mira, lo estoy grabando! \u00a1C\u00f3mo cae! \u00a1Lento, pero cae! \u00a1Mira ahora, mira mi m\u00f3vil! \u00a1La pel\u00edcula! \u00bfLo ves? \u00a1Te la paso otra vez! \u00a1Mira! \u00a1Se mueve! \u00a1No hay nada que ver! \u00a1Ya ha sucedido y es inevitable!<\/p>\n<p style=\"text-align: justify;\">-Ya se ver\u00e1.<\/p>\n<p style=\"text-align: justify;\">-\u00a1Me cago en el puto incienso y en los budas de oro! \u00a1Te estrangulo!<\/p>\n<p style=\"text-align: justify;\">-Ya se ver\u00e1.<\/p>\n<p style=\"text-align: justify;\">-\u00a1Muereeeeeeee! \u00a1Muereeeee!<\/p>\n<p style=\"text-align: justify;\">-Ga se veggggg&#8230;<\/p>\n<p style=\"text-align: justify;\">-\u00a1Muereeeeeee!<\/p>\n<p style=\"text-align: center;\">[email_link]\n","protected":false},"excerpt":{"rendered":"<p>Cuenta la historia de un ni\u00f1o que naci\u00f3 en una familia muy rica, por lo que cuando su madre dio a luz todo el mundo empez\u00f3 a decir: \u201c\u00a1qu\u00e9 ni\u00f1o m\u00e1s afortunado!\u201d. A lo que el Maestro Zen dijo: \u201cYa se ver\u00e1\u201d. Un d\u00eda el ni\u00f1o se cay\u00f3 del caballo y se rompi\u00f3 las dos piernas. Todo el mundo empez\u00f3[&#8230;]<\/p>\n","protected":false},"author":1,"featured_media":0,"comment_status":"open","ping_status":"open","sticky":false,"template":"","format":"standard","meta":{"footnotes":""},"categories":[10],"tags":[800,1152,2248,3549],"class_list":["post-6361","post","type-post","status-publish","format-standard","hentry","category-la-ciudad-reflexiva","tag-cuento","tag-ensenanza","tag-moraleja","tag-zen"],"_links":{"self":[{"href":"https:\/\/escribocreativo.com\/blog\/wp-json\/wp\/v2\/posts\/6361","targetHints":{"allow":["GET"]}}],"collection":[{"href":"https:\/\/escribocreativo.com\/blog\/wp-json\/wp\/v2\/posts"}],"about":[{"href":"https:\/\/escribocreativo.com\/blog\/wp-json\/wp\/v2\/types\/post"}],"author":[{"embeddable":true,"href":"https:\/\/escribocreativo.com\/blog\/wp-json\/wp\/v2\/users\/1"}],"replies":[{"embeddable":true,"href":"https:\/\/escribocreativo.com\/blog\/wp-json\/wp\/v2\/comments?post=6361"}],"version-history":[{"count":0,"href":"https:\/\/escribocreativo.com\/blog\/wp-json\/wp\/v2\/posts\/6361\/revisions"}],"wp:attachment":[{"href":"https:\/\/escribocreativo.com\/blog\/wp-json\/wp\/v2\/media?parent=6361"}],"wp:term":[{"taxonomy":"category","embeddable":true,"href":"https:\/\/escribocreativo.com\/blog\/wp-json\/wp\/v2\/categories?post=6361"},{"taxonomy":"post_tag","embeddable":true,"href":"https:\/\/escribocreativo.com\/blog\/wp-json\/wp\/v2\/tags?post=6361"}],"curies":[{"name":"wp","href":"https:\/\/api.w.org\/{rel}","templated":true}]}}