{"id":6398,"date":"2010-07-20T14:22:05","date_gmt":"2010-07-20T13:22:05","guid":{"rendered":"http:\/\/poesiamas.net\/blog\/?p=6398"},"modified":"2010-07-20T14:22:05","modified_gmt":"2010-07-20T13:22:05","slug":"importa-la-edad-de-un-blogger","status":"publish","type":"post","link":"https:\/\/escribocreativo.com\/blog\/2010\/07\/20\/importa-la-edad-de-un-blogger\/","title":{"rendered":"\u00bfImporta la edad de un blogger?"},"content":{"rendered":"<p style=\"text-align: justify;\"><a href=\"https:\/\/escribocreativo.com\/blog\/wp-content\/uploads\/2010\/07\/evolution-man-computer.gif\"><img loading=\"lazy\" decoding=\"async\" class=\"aligncenter size-full wp-image-6399\" title=\"evolution-man-computer\" src=\"https:\/\/escribocreativo.com\/blog\/wp-content\/uploads\/2010\/07\/evolution-man-computer.gif\" alt=\"\" width=\"480\" height=\"171\" \/><\/a>\u00bfEs importante la edad de un<em> blogger<\/em>? \u00bfSe entiende que un bloguero es alguien en los veinte, treinta o cuarenta a lo sumo, es decir, <em>joven<\/em>?<\/p>\n<p style=\"text-align: justify;\">Visitando las bit\u00e1coras, donde el anonimato es la ley no escrita, apenas encuentro blogueros que digan claramente su edad &#8211;<a href=\"https:\/\/escribocreativo.com\/blog\/sobre-mi\/\">en mi perfil pongo: treinta\u00f1ero<\/a>-, y a lo sumo uno intuye, por los contenidos y la expresi\u00f3n, la edad de qui\u00e9n escribe&#8230; lo que es tan emp\u00edrico como arrojar una pluma al aire a ver si el viento llega del norte o del sureste.<\/p>\n<p style=\"text-align: justify;\"><!--more--><\/p>\n<p style=\"text-align: justify;\">M\u00e1s preguntas: \u00bfhay blogueros que no revelan su edad por temor a perder visitantes, o por no mediatizarlos? No podemos dejar de lado que no es lo mismo tener veinticuatro que cuarenta y seis a\u00f1os, por m\u00e1s que esos veinticuatro sean vividos con intensidad. Digamos que el ideal del sue\u00f1o estadounidense bloguero es ser treinta\u00f1ero y especialista en un \u00e1rea tecnol\u00f3gica.<\/p>\n<blockquote>\n<p style=\"text-align: justify;\">Leo mucho eso de nicho: por lo visto hay que especializarse en un <em>nicho<\/em>, que es una aberraci\u00f3n nacida de leer <em>niche<\/em>. Y para qu\u00e9 tenemos en espa\u00f1ol: materia, \u00e1rea, lugar, etc. Y luego dicen que por qu\u00e9 el ingl\u00e9s es el idioma universal. Entre otras muchas razones: por estas barbaridades que prestigian\u00a0 de forma indirecta un idioma sobre otro.<\/p>\n<p style=\"text-align: justify;\">Y si niche significa otra cosa dentro del mundo de las bit\u00e1coras es que <strong>me la suda<\/strong> igual, me toca los cojones y al tocarlos suenan como campanas ding dong cada vez leo un intento de neologismo aberrante porque se repite [<em>e elevado a infinito<\/em>] veces un t\u00e9rmino de moda.<\/p>\n<\/blockquote>\n<p style=\"text-align: justify;\">\u00bfEs la actividad de bloguear para gente <em>joven<\/em>, al igual que se los asocia a estos con los videojuegos y las salidas nocturnas los fines de semana? \u00a1Ay!, pobrecitos, como decimos en mi tierra, esos &#8220;puretas&#8221;, los &#8220;viejunos&#8221; que ya tienen que dejar la bit\u00e1cora para dedicarse a cosas &#8220;de su edad&#8221;. Al final echaremos a los mayores tambi\u00e9n de <em>la Intern\u00e9<\/em>, al tiempo.<\/p>\n<blockquote>\n<p style=\"text-align: justify;\">En esta frase final he rectificado &#8220;a los viejos&#8221; por &#8220;a los mayores&#8221; en busca de una expresi\u00f3n no peyorativa, pero los viejos son &#8220;viejos&#8221; en oposici\u00f3n a los j\u00f3venes. No es peyorativo llamar viejos a los viejos; lo realmente triste es que la sociedad positiviza <em>joven<\/em> frente a <em>viejo<\/em>, sin m\u00e1s, para vender m\u00e1s cremas antienvejecimiento (de ah\u00ed que necesariamente se necesite que el t\u00e9rmino <em>viejo<\/em> tenga connotaciones negativas, cuando es una edad natural de nuestra evoluci\u00f3n biol\u00f3gica) Cambio, entonces.<\/p>\n<\/blockquote>\n<p style=\"text-align: justify;\"><strong>Al final echaremos a los viejos tambi\u00e9n de <em>la Intern\u00e9<\/em>, al  tiempo.<\/strong><\/p>\n<p style=\"text-align: justify;\">Otra cuesti\u00f3n<\/p>\n<p style=\"text-align: justify;\">&#8211;<em>\u00bfOtra? \u00bfPero este t\u00edo no para de preguntar nunca? Este se ha tomado una pirula antes de escribir, fijo.<br \/>\n<\/em><\/p>\n<p style=\"text-align: justify;\">es si es una actividad tan absorbente que el n\u00famero de personas que mantiene su bit\u00e1cora durante muchos a\u00f1os <strong>es inferior<\/strong> a los que apenas est\u00e1n un tiempo -meses, unos pocos a\u00f1os-. Mantener una bit\u00e1cora requiere de&#8230; \u00a1tiempo! \u00bfCu\u00e1ntos est\u00e1n m\u00e1s de diez o quince a\u00f1os con su bit\u00e1cora? En fin, que parece todo un m\u00e9rito, visto lo visto, mantener una bit\u00e1cora durante m\u00e1s de un par de a\u00f1os, <em>my friend<\/em>.<\/p>\n<blockquote>\n<p style=\"text-align: justify;\">D.E.P Fulanito de Tal, que muri\u00f3 editando su nuevo tema de WordPress a la edad de 89 a\u00f1os.<br \/>\nSus amigos y familiares han dado de baja la bit\u00e1cora y ruegan una oraci\u00f3n por sus art\u00edculos sobre bricolaje en la tercera edad, que llegaron a ser portada de bitacoras.com y todo.<\/p>\n<\/blockquote>\n<p style=\"text-align: justify;\"><strong>Me gustar\u00eda saber tu opini\u00f3n sobre este art\u00edculo y en especial sobre alguna de estas cuestiones<\/strong>:<\/p>\n<ul style=\"text-align: justify;\">\n<li>Si crees que la edad de un  bloguero es determinante para su p\u00fablico.<\/li>\n<li> \u00bfTener m\u00e1s edad  otorga una bit\u00e1cora de m\u00e1s calidad?<\/li>\n<li> Si, como visitante,\u00a0 el pensar que la  persona que escribe es de mayor edad te hace m\u00e1s proclive a confiar en  sus contenidos.<\/li>\n<\/ul>\n<p style=\"text-align: center;\">[email_link]\n","protected":false},"excerpt":{"rendered":"<p>\u00bfEs importante la edad de un blogger? \u00bfSe entiende que un bloguero es alguien en los veinte, treinta o cuarenta a lo sumo, es decir, joven? Visitando las bit\u00e1coras, donde el anonimato es la ley no escrita, apenas encuentro blogueros que digan claramente su edad &#8211;en mi perfil pongo: treinta\u00f1ero-, y a lo sumo uno intuye, por los contenidos y[&#8230;]<\/p>\n","protected":false},"author":1,"featured_media":0,"comment_status":"open","ping_status":"open","sticky":false,"template":"","format":"standard","meta":{"footnotes":""},"categories":[3],"tags":[368,371,1007,1769,3433],"class_list":["post-6398","post","type-post","status-publish","format-standard","hentry","category-web-20","tag-blogs","tag-bloguero","tag-edad","tag-jovenes","tag-viejos"],"_links":{"self":[{"href":"https:\/\/escribocreativo.com\/blog\/wp-json\/wp\/v2\/posts\/6398","targetHints":{"allow":["GET"]}}],"collection":[{"href":"https:\/\/escribocreativo.com\/blog\/wp-json\/wp\/v2\/posts"}],"about":[{"href":"https:\/\/escribocreativo.com\/blog\/wp-json\/wp\/v2\/types\/post"}],"author":[{"embeddable":true,"href":"https:\/\/escribocreativo.com\/blog\/wp-json\/wp\/v2\/users\/1"}],"replies":[{"embeddable":true,"href":"https:\/\/escribocreativo.com\/blog\/wp-json\/wp\/v2\/comments?post=6398"}],"version-history":[{"count":0,"href":"https:\/\/escribocreativo.com\/blog\/wp-json\/wp\/v2\/posts\/6398\/revisions"}],"wp:attachment":[{"href":"https:\/\/escribocreativo.com\/blog\/wp-json\/wp\/v2\/media?parent=6398"}],"wp:term":[{"taxonomy":"category","embeddable":true,"href":"https:\/\/escribocreativo.com\/blog\/wp-json\/wp\/v2\/categories?post=6398"},{"taxonomy":"post_tag","embeddable":true,"href":"https:\/\/escribocreativo.com\/blog\/wp-json\/wp\/v2\/tags?post=6398"}],"curies":[{"name":"wp","href":"https:\/\/api.w.org\/{rel}","templated":true}]}}