{"id":6648,"date":"2010-08-19T14:36:15","date_gmt":"2010-08-19T13:36:15","guid":{"rendered":"http:\/\/poesiamas.net\/blog\/?p=6648"},"modified":"2015-03-14T00:51:09","modified_gmt":"2015-03-14T00:51:09","slug":"for-her-for-him-setecientos-dias-juntos","status":"publish","type":"post","link":"https:\/\/escribocreativo.com\/blog\/2010\/08\/19\/for-her-for-him-setecientos-dias-juntos\/","title":{"rendered":"For her &amp; for him: setecientos d\u00edas juntos"},"content":{"rendered":"<p style=\"text-align: justify;\"><a href=\"https:\/\/escribocreativo.com\/blog\/wp-content\/uploads\/2010\/08\/birthday-party2.jpg\"><img loading=\"lazy\" decoding=\"async\" class=\"aligncenter size-full wp-image-6676\" title=\"birthday-party2\" src=\"https:\/\/escribocreativo.com\/blog\/wp-content\/uploads\/2010\/08\/birthday-party2.jpg\" alt=\"\" width=\"570\" height=\"210\" \/><\/a>Comenc\u00e9 <em>La ciudad<\/em>&#8230; el 5 de junio de 2008, cumpl\u00ed dos a\u00f1os en este 2010 y no estuve atento para celebrarlo. As\u00ed que justo hoy me doy cuenta de que&#8230; \u00a1este es mi art\u00edculo n\u00famero <strong>700<\/strong>!<\/p>\n<p style=\"text-align: justify;\">Ya hay que estar aburrido para escribir 700 art\u00edculos con sus enlaces, sus comentarios, sus fotitos, y me he preguntado: \u00bf<strong>qu\u00e9 hago para celebrarlo<\/strong>?<\/p>\n<p style=\"text-align: justify;\">Lo primero que pens\u00e9 fue: cuento c\u00f3mo empez\u00f3 la bit\u00e1cora, mi evoluci\u00f3n de pensamiento con lo que es este mundo de la red y la escritura de art\u00edculos, etc. \u00a1Detente!, me dije. \u00bfQu\u00e9 tipo de lectores tienes? \u00bfQui\u00e9nes son tus comentaristas habituales? Podr\u00edas compartir con ellos este aniversario. \u00a1S\u00ed, s\u00ed, s\u00ed!<\/p>\n<blockquote>\n<p style=\"text-align: justify;\">Tambi\u00e9n tengo que recordar a una persona muy especial para m\u00ed que est\u00e1 conmigo siempre, me lee, me apoya y que amo. :love:<\/p>\n<\/blockquote>\n<p style=\"text-align: justify;\">Cog\u00ed raudo mi pizarra de mano y con un rotulador comenc\u00e9 a crear f\u00f3rmulas alqu\u00edmicas; diagramas, organigramas y algoritmos cu\u00e1nticos se suced\u00edan a\u00a0 toda velocidad y para cuando se puso el sol hab\u00eda terminado: ya pose\u00eda la f\u00f3rmula que extra\u00eda la caracter\u00edstica com\u00fan de los asiduos a esta bit\u00e1cora. Introduje el resultado en mi port\u00e1til y el resultado no pod\u00eda ser otro: \u00a1pues claro!, me dije, \u00a1estuvo todo el tiempo delante de m\u00ed!<\/p>\n<p style=\"text-align: justify;\">Me incorpor\u00e9 y, frente al espejo, me dije dos cosas. La primera: \u00a1qu\u00e9 guapo! Y la segunda: \u00a1Qu\u00e9 demonios, voy a darles exactamente lo que se merecen por estos 700 art\u00edculos compartidos! Disfrutemos este momento maravilloso que he titulado <span style=\"color: #808080;\"><em>for her &amp; for him<\/em><\/span>&#8230;<\/p>\n<p><!--more--><\/p>\n<p style=\"text-align: center;\"><em><span style=\"font-size: xx-large;\"><strong>for <span style=\"color: #808080;\">Her<\/span> &amp; for <span style=\"color: #808080;\">Him<\/span><br \/>\n<\/strong><\/span><\/em><\/p>\n<p>&nbsp;<\/p>\n<p style=\"text-align: center;\"><strong><em>(you know <span style=\"color: #333333;\">what<\/span>)<\/em><\/strong><\/p>\n<p style=\"text-align: center;\">\ud83d\ude00<\/p>\n<p style=\"text-align: center;\">&nbsp;<\/p>\n<p style=\"text-align: center;\">[email_link]\n","protected":false},"excerpt":{"rendered":"<p>Comenc\u00e9 La ciudad&#8230; el 5 de junio de 2008, cumpl\u00ed dos a\u00f1os en este 2010 y no estuve atento para celebrarlo. As\u00ed que justo hoy me doy cuenta de que&#8230; \u00a1este es mi art\u00edculo n\u00famero 700! Ya hay que estar aburrido para escribir 700 art\u00edculos con sus enlaces, sus comentarios, sus fotitos, y me he preguntado: \u00bfqu\u00e9 hago para celebrarlo?[&#8230;]<\/p>\n","protected":false},"author":1,"featured_media":0,"comment_status":"open","ping_status":"open","sticky":false,"template":"","format":"standard","meta":{"footnotes":""},"categories":[3608],"tags":[41,177,217,549,1350,1390],"class_list":["post-6648","post","type-post","status-publish","format-standard","hentry","category-literatura","tag-41","tag-aniversario","tag-articulos","tag-celebracion","tag-fotos","tag-galeria"],"_links":{"self":[{"href":"https:\/\/escribocreativo.com\/blog\/wp-json\/wp\/v2\/posts\/6648","targetHints":{"allow":["GET"]}}],"collection":[{"href":"https:\/\/escribocreativo.com\/blog\/wp-json\/wp\/v2\/posts"}],"about":[{"href":"https:\/\/escribocreativo.com\/blog\/wp-json\/wp\/v2\/types\/post"}],"author":[{"embeddable":true,"href":"https:\/\/escribocreativo.com\/blog\/wp-json\/wp\/v2\/users\/1"}],"replies":[{"embeddable":true,"href":"https:\/\/escribocreativo.com\/blog\/wp-json\/wp\/v2\/comments?post=6648"}],"version-history":[{"count":0,"href":"https:\/\/escribocreativo.com\/blog\/wp-json\/wp\/v2\/posts\/6648\/revisions"}],"wp:attachment":[{"href":"https:\/\/escribocreativo.com\/blog\/wp-json\/wp\/v2\/media?parent=6648"}],"wp:term":[{"taxonomy":"category","embeddable":true,"href":"https:\/\/escribocreativo.com\/blog\/wp-json\/wp\/v2\/categories?post=6648"},{"taxonomy":"post_tag","embeddable":true,"href":"https:\/\/escribocreativo.com\/blog\/wp-json\/wp\/v2\/tags?post=6648"}],"curies":[{"name":"wp","href":"https:\/\/api.w.org\/{rel}","templated":true}]}}