{"id":6698,"date":"2010-08-24T20:04:43","date_gmt":"2010-08-24T19:04:43","guid":{"rendered":"http:\/\/poesiamas.net\/blog\/?p=6698"},"modified":"2010-08-24T20:04:43","modified_gmt":"2010-08-24T19:04:43","slug":"realidades-paralelas","status":"publish","type":"post","link":"https:\/\/escribocreativo.com\/blog\/2010\/08\/24\/realidades-paralelas\/","title":{"rendered":"Realidades paralelas"},"content":{"rendered":"<p style=\"text-align: center;\"><a href=\"https:\/\/escribocreativo.com\/blog\/wp-content\/uploads\/2010\/08\/moebius.jpg\"><img loading=\"lazy\" decoding=\"async\" class=\"aligncenter size-full wp-image-6707\" title=\"moebius\" src=\"https:\/\/escribocreativo.com\/blog\/wp-content\/uploads\/2010\/08\/moebius.jpg\" alt=\"\" width=\"630\" height=\"300\" \/><\/a><\/p>\n<p style=\"text-align: justify;\">\u00bf<strong>Y qu\u00e9 pensar\u00edamos<\/strong> si un d\u00eda pudi\u00e9ramos asomarnos al balc\u00f3n de lo que siempre perdura y vi\u00e9ramos a todos aquellos que creen pensar de forma aut\u00f3noma y conforman un ideal de vida adecuado, a fin de cuentas una estructura semir\u00edgida\u00a0 y zozobrante con el paso de la nieve y la hojarasca, amparados en ciertas ideas asumidas, mecanizadas, verdades de la centuria, resueltos a autoflagelarse y colerizarse cuando les resulta injusto el reproche, golpeando sobre la roca viva por puro desahogo, y nos fuera revelado entonces que todos ellos son la multiplicidad de nuestro reflejo que sale a la vida mientras nos follamos los unos a los otros, un mundo que emerge en el ansia?<\/p>\n<blockquote><p><strong> <\/strong>Soy nadie. \u00bfT\u00fa qui\u00e9n eres?\u00bfEres t\u00fa tambi\u00e9n nadie?<br \/>\nYa somos dos entonces. No lo digas:<br \/>\n\u00a1lo contar\u00edan, sabes!<\/p>\n<p>Qu\u00e9 tristeza ser alguien,<br \/>\nqu\u00e9 p\u00fablico: como una rana<br \/>\ndecir el propio nombre el d\u00eda entero<br \/>\npara un pantano admirador.<\/p>\n<p>Emily Dickinson<em> <\/em><\/p><\/blockquote>\n<p style=\"text-align: justify;\"><strong><span style=\"font-size: x-small;\">Imagen: <a href=\"http:\/\/www.theofantastique.com\/2008\/08\/11\/cinematic-extraterrestrials-call-for-papers\/\" target=\"_blank\">www.theofantastique.com.<\/a><\/span><\/strong><\/p>\n<p style=\"text-align: center;\">[email_link]\n<p style=\"text-align: justify;\">\n","protected":false},"excerpt":{"rendered":"<p>\u00bfY qu\u00e9 pensar\u00edamos si un d\u00eda pudi\u00e9ramos asomarnos al balc\u00f3n de lo que siempre perdura y vi\u00e9ramos a todos aquellos que creen pensar de forma aut\u00f3noma y conforman un ideal de vida adecuado, a fin de cuentas una estructura semir\u00edgida\u00a0 y zozobrante con el paso de la nieve y la hojarasca, amparados en ciertas ideas asumidas, mecanizadas, verdades de la[&#8230;]<\/p>\n","protected":false},"author":1,"featured_media":0,"comment_status":"open","ping_status":"open","sticky":false,"template":"","format":"standard","meta":{"footnotes":""},"categories":[10],"tags":[275,353,1118,3371],"class_list":["post-6698","post","type-post","status-publish","format-standard","hentry","category-la-ciudad-reflexiva","tag-balcon","tag-bipolar","tag-emily-dickinson","tag-universo"],"_links":{"self":[{"href":"https:\/\/escribocreativo.com\/blog\/wp-json\/wp\/v2\/posts\/6698","targetHints":{"allow":["GET"]}}],"collection":[{"href":"https:\/\/escribocreativo.com\/blog\/wp-json\/wp\/v2\/posts"}],"about":[{"href":"https:\/\/escribocreativo.com\/blog\/wp-json\/wp\/v2\/types\/post"}],"author":[{"embeddable":true,"href":"https:\/\/escribocreativo.com\/blog\/wp-json\/wp\/v2\/users\/1"}],"replies":[{"embeddable":true,"href":"https:\/\/escribocreativo.com\/blog\/wp-json\/wp\/v2\/comments?post=6698"}],"version-history":[{"count":0,"href":"https:\/\/escribocreativo.com\/blog\/wp-json\/wp\/v2\/posts\/6698\/revisions"}],"wp:attachment":[{"href":"https:\/\/escribocreativo.com\/blog\/wp-json\/wp\/v2\/media?parent=6698"}],"wp:term":[{"taxonomy":"category","embeddable":true,"href":"https:\/\/escribocreativo.com\/blog\/wp-json\/wp\/v2\/categories?post=6698"},{"taxonomy":"post_tag","embeddable":true,"href":"https:\/\/escribocreativo.com\/blog\/wp-json\/wp\/v2\/tags?post=6698"}],"curies":[{"name":"wp","href":"https:\/\/api.w.org\/{rel}","templated":true}]}}