{"id":6743,"date":"2010-08-30T07:00:26","date_gmt":"2010-08-30T06:00:26","guid":{"rendered":"http:\/\/poesiamas.net\/blog\/?p=6743"},"modified":"2015-03-11T13:57:41","modified_gmt":"2015-03-11T13:57:41","slug":"mi-ideologia-hasta-donde-llega","status":"publish","type":"post","link":"https:\/\/escribocreativo.com\/blog\/2010\/08\/30\/mi-ideologia-hasta-donde-llega\/","title":{"rendered":"\u00bfMi ideolog\u00eda hasta d\u00f3nde llega?"},"content":{"rendered":"<p style=\"text-align: justify;\"><a href=\"https:\/\/escribocreativo.com\/blog\/wp-content\/uploads\/2010\/08\/ideologia.jpg\"><img loading=\"lazy\" decoding=\"async\" class=\"aligncenter size-full wp-image-6756\" title=\"ideologia\" src=\"https:\/\/escribocreativo.com\/blog\/wp-content\/uploads\/2010\/08\/ideologia.jpg\" alt=\"\" width=\"299\" height=\"299\" \/><\/a>\u00bfQu\u00e9 har\u00edas su tu programa favorito de radio o televisi\u00f3n se trasladara a otra cadena que est\u00e1 en tu opuesto ideol\u00f3gico?<\/p>\n<p style=\"text-align: justify;\">\n<p style=\"text-align: justify;\">\u00bfSeguir\u00edas escuchando ese programa? Esta cuesti\u00f3n conlleva otra: \u00bfno se tratar\u00eda, en este \u00faltimo caso, no tanto de identificarse con unos contenidos que sean interesantes sino con un grupo medi\u00e1tico y con lo que se supone que \u00e9ste representa?<\/p>\n<p style=\"text-align: justify;\"><!--more--><\/p>\n<p style=\"text-align: justify;\">Estos dilemas son los que ahora se plantean, por ejemplo, entre los seguidores de la COPE y la SER, cadenas que esgrimen una identidad que no tiene equ\u00edvocos para sus seguidores y que, adem\u00e1s, se singularizan precisamente por a\u00f1adir la exclusi\u00f3n radical de todo lo que no se arrime a su ideolog\u00eda. La SER y la COPE se diferencian sobre todo porque se excluyen mutuamente: o est\u00e1s con ellos o contra ellos.<\/p>\n<p style=\"text-align: justify;\"><a href=\"http:\/\/www.elconfidencial.com\/comunicacion\/cope-ser-paco-gonzalez-carrusel-20100821-68771.html\" target=\"_blank\">La SER destituy\u00f3 en febrero de 2010 a Paco Gonz\u00e1lez, director de <em>Carrusel Deportivo<\/em><\/a>, un programa cl\u00e1sico de la radio espa\u00f1ola y uno de los motores econ\u00f3micos de la SER con cerca de dos millones de oyentes. Meses despu\u00e9s, Paco Gonz\u00e1lez ficha por la COPE y consigue arrastrar a varias decenas de compa\u00f1eros a &#8220;la cadena de los obispos&#8221;, teniendo la SER que formar un nuevo equipo.<\/p>\n<p style=\"text-align: justify;\">Antes de que preguntes mi opini\u00f3n, te respondo con este mismo ejemplo: s\u00ed, escuchar\u00e9 la COPE este a\u00f1o para disfrutar del nuevo programa deportivo de Paco Gonz\u00e1lez, Pepe Domingo Casta\u00f1o y dem\u00e1s\u00a0 colaboradores -que ya comenz\u00f3, <em>Tiempo de juego<\/em>&#8211; porque me gusta la radio que proponen por encima de otras cuestiones, a saber: si comparto las ideas que se vierten en la COPE de que el aborto es un asesinato o que la homosexualidad es una enfermedad. <strong>\u00bfO para ti s\u00ed contar\u00eda?<\/strong><\/p>\n<blockquote style=\"text-align: justify;\">\n<p style=\"text-align: justify;\">Mi pacto con la radio\u00a0 viene de antiguo y con los a\u00f1os se reafirma. Ser\u00e1 porque el mundo contempor\u00e1neo vive en un hartazgo, una indigesti\u00f3n de im\u00e1genes que tiene la mente congestionada. Y porque,\u00a0 como escrib\u00ed en este art\u00edculo, <a href=\"..\/2010\/05\/15\/cuerpo-alma-y-etica-profesional\/\">Cuerpo, alma y \u00e9tica profesional<\/a>, hay ocasiones en las que quieres apoyar un gesto sin m\u00e1s, porque te lo pide el cuerpo:<\/p>\n<p style=\"text-align: center;\">[audio:https:\/\/escribocreativo.com\/blog\/wp-content\/uploads\/2010\/05\/palabras-pepe-domingo-castano-al-no-estar279941.mp3|titles=palabras-pepe-domingo-castano-al-no-estar279941]\n<p style=\"text-align: center;\"><object classid=\"clsid:d27cdb6e-ae6d-11cf-96b8-444553540000\" width=\"560\" height=\"340\" codebase=\"http:\/\/download.macromedia.com\/pub\/shockwave\/cabs\/flash\/swflash.cab#version=6,0,40,0\"><param name=\"allowFullScreen\" value=\"true\" \/><param name=\"allowscriptaccess\" value=\"always\" \/><param name=\"src\" value=\"http:\/\/www.youtube.com\/v\/eO3pP95E7rQ?fs=1&amp;hl=es_ES\" \/><param name=\"allowfullscreen\" value=\"true\" \/><embed type=\"application\/x-shockwave-flash\" width=\"560\" height=\"340\" src=\"http:\/\/www.youtube.com\/v\/eO3pP95E7rQ?fs=1&amp;hl=es_ES\" allowscriptaccess=\"always\" allowfullscreen=\"true\"><\/embed><\/object><\/p><\/blockquote>\n<p style=\"text-align: justify;\">Y\u00a0 qu\u00e9 <span style=\"text-decoration: line-through;\">cojones<\/span> me importa si estos, que tan bueno rato me hacen pasar, retransmiten desde la COPE o desde el cuarto de ba\u00f1o de la t\u00eda Enriqueta \u00a1donde se come los mocos como si fueran croquetas! \ud83d\ude00<\/p>\n<p style=\"text-align: justify;\"><span style=\"font-size: x-small;\"><strong>Imagen: <a href=\"http:\/\/rapsodica-intensidad.blogspot.com\/2010\/04\/reciclaje-ideologico.html\" target=\"_blank\">rapsodica-intensidad.blogspot.com<\/a>.<\/strong><\/span><\/p>\n<p style=\"text-align: center;\">[email_link]\n","protected":false},"excerpt":{"rendered":"<p>\u00bfQu\u00e9 har\u00edas su tu programa favorito de radio o televisi\u00f3n se trasladara a otra cadena que est\u00e1 en tu opuesto ideol\u00f3gico? \u00bfSeguir\u00edas escuchando ese programa? Esta cuesti\u00f3n conlleva otra: \u00bfno se tratar\u00eda, en este \u00faltimo caso, no tanto de identificarse con unos contenidos que sean interesantes sino con un grupo medi\u00e1tico y con lo que se supone que \u00e9ste representa?<\/p>\n","protected":false},"author":1,"featured_media":0,"comment_status":"open","ping_status":"open","sticky":false,"template":"","format":"standard","meta":{"footnotes":""},"categories":[10],"tags":[515,728,1059,1206,2423,2469,2549,2709,2767,3015,3272],"class_list":["post-6743","post","type-post","status-publish","format-standard","hentry","category-la-ciudad-reflexiva","tag-carrusel-deportivo","tag-cope","tag-el-larguero","tag-esradio","tag-onda-cero","tag-paco-gonzalez","tag-pepe-domingo-casstano","tag-prisa","tag-radio","tag-ser","tag-tiempo-de-juego"],"_links":{"self":[{"href":"https:\/\/escribocreativo.com\/blog\/wp-json\/wp\/v2\/posts\/6743","targetHints":{"allow":["GET"]}}],"collection":[{"href":"https:\/\/escribocreativo.com\/blog\/wp-json\/wp\/v2\/posts"}],"about":[{"href":"https:\/\/escribocreativo.com\/blog\/wp-json\/wp\/v2\/types\/post"}],"author":[{"embeddable":true,"href":"https:\/\/escribocreativo.com\/blog\/wp-json\/wp\/v2\/users\/1"}],"replies":[{"embeddable":true,"href":"https:\/\/escribocreativo.com\/blog\/wp-json\/wp\/v2\/comments?post=6743"}],"version-history":[{"count":0,"href":"https:\/\/escribocreativo.com\/blog\/wp-json\/wp\/v2\/posts\/6743\/revisions"}],"wp:attachment":[{"href":"https:\/\/escribocreativo.com\/blog\/wp-json\/wp\/v2\/media?parent=6743"}],"wp:term":[{"taxonomy":"category","embeddable":true,"href":"https:\/\/escribocreativo.com\/blog\/wp-json\/wp\/v2\/categories?post=6743"},{"taxonomy":"post_tag","embeddable":true,"href":"https:\/\/escribocreativo.com\/blog\/wp-json\/wp\/v2\/tags?post=6743"}],"curies":[{"name":"wp","href":"https:\/\/api.w.org\/{rel}","templated":true}]}}