{"id":6924,"date":"2010-09-11T21:01:09","date_gmt":"2010-09-11T20:01:09","guid":{"rendered":"http:\/\/poesiamas.net\/blog\/?p=6924"},"modified":"2010-09-11T21:01:09","modified_gmt":"2010-09-11T20:01:09","slug":"sgae-contra-exgae-por-una-oclusiva","status":"publish","type":"post","link":"https:\/\/escribocreativo.com\/blog\/2010\/09\/11\/sgae-contra-exgae-por-una-oclusiva\/","title":{"rendered":"SGAE contra EXGAE por una oclusiva"},"content":{"rendered":"<p style=\"text-align: justify;\"><a href=\"https:\/\/escribocreativo.com\/blog\/wp-content\/uploads\/2010\/09\/sgaenop.jpg\"><img loading=\"lazy\" decoding=\"async\" class=\"aligncenter size-full wp-image-6925\" title=\"sgaenop\" src=\"https:\/\/escribocreativo.com\/blog\/wp-content\/uploads\/2010\/09\/sgaenop.jpg\" alt=\"\" width=\"485\" height=\"292\" \/><\/a><br \/>\nLa SGAE, una de las instituciones <strong>peor<\/strong> valoradas en la red pero al mismo <strong>mejor <\/strong>valoradas por un grupo importante de artistas, demanda a la <a href=\"http:\/\/la-ex.net\/\" target=\"_blank\">EXGAE<\/a>. A por ellos. Y aqu\u00ed va el argumentario, o parte de \u00e9l.<\/p>\n<blockquote>\n<h4 style=\"text-align: justify;\">La &#8216;s&#8217; fricativa<\/h4>\n<p style=\"text-align: justify;\">La sociedad considera que  desde el punto de vista fon\u00e9tico, &#8220;anteponer a la consonante fricativa  alveolar sorda \/s\/ la oclusiva velar sorda (\/k\/) evidencia la inequ\u00edvoca  voluntad de traer a la mente del p\u00fablico&#8221; su imagen. Y, desde el punto  de vista sem\u00e1ntico, la variaci\u00f3n antepone el prefijo &#8220;ex&#8221; a su marca  para presentarse como &#8220;su evoluci\u00f3n&#8221;. Adem\u00e1s, pide que &#8220;retiren del  mercado [&#8230;] las ofertas de servicio de asesoramiento jur\u00eddico,  asesoramiento art\u00edstico y los dise\u00f1os gr\u00e1ficos para impresi\u00f3n de  carteler\u00eda que contengan dichas denominaciones&#8221;.<\/p>\n<p><a href=\"http:\/\/www.elpais.com\/articulo\/portada\/SGAE\/pide\/cierre\/Exgae\/insultos\/violacion\/marca\/elpeputec\/20100909elpcibpor_19\/Tes\" target=\"_blank\">Lee el art\u00edculo completo en Elpais.com<\/a><\/p><\/blockquote>\n<p style=\"text-align: justify;\">Juas, juas, juas -de esta incorporaci\u00f3n, no s\u00e9 si puntual, de &#8220;juas&#8221; a <a href=\"http:\/\/twitter.com\/juliof1\" target=\"_blank\">mi twitter<\/a> y a la bit\u00e1cora es culpable directa <a href=\"http:\/\/kiram.wordpress.com\" target=\"_blank\">la escritora grancanaria Kiram<\/a>, soy as\u00ed de copi\u00f3n-. Intento explicar la parte farragosa de fon\u00e9tica espa\u00f1ola:<\/p>\n<p style=\"text-align: justify;\"><!--more--><\/p>\n<p style=\"text-align: justify;\">La diferencia entre una consonante fricativa y una oclusiva es que en la fricativa los \u00f3rganos que producen el sonido se <strong>rozan (hay fricci\u00f3n, la s) <\/strong>mientras que en las oclusivas hay un cierre y luego el aire oprimido explota, rompiendo el <strong>cierre (oclusi\u00f3n, la k <\/strong>de pronunciar la &#8220;x&#8221; como &#8220;ks&#8221;, [eksg\u00e1e]<strong>)<\/strong>: son dos sonidos diferentes en cuanto <strong>al modo de articularse<\/strong>.<\/p>\n<p style=\"text-align: justify;\">Pero es que tambi\u00e9n<strong> son diferentes en cuanto a la zona<\/strong> de articulaci\u00f3n: <strong>la \/s\/ se localiza en la parte anterior y la \/k\/ en la parte posterior de la cavidad bucal<\/strong>.<\/p>\n<blockquote>\n<p style=\"text-align: justify;\">Por lo tanto, tenemos un sonido \/s\/ que se produce <strong>mediante un roce de los \u00f3rganos encargados de producirla en la zona anterior de la boca<\/strong>, y un sonido \/k\/ que se produce<strong> mediante un cierre y luego ruptura del mismo -una explosi\u00f3n que produce el sonido- en la parte posterior<\/strong>.<\/p>\n<\/blockquote>\n<p style=\"text-align: justify;\">Por ponerme a oponer fonemas (sonidos) puedo estar todo el d\u00eda: como fructifique, veo marcas demandando a cualquier otra que se asemeje fon\u00e9ticamente -imagino que Coca Cola lo har\u00eda con una que se llamara ColaCoca-, porque la SGAE, sibilinamente, <strong>tiene raz\u00f3n<\/strong>, por m\u00e1s que duela a sus detractores:<strong> entre EXGAE y ESGAE no existe demasiada diferencia al escucharlo, aunque la \/k\/ de [eksg\u00e1e] es muy evidente por esa &#8220;x&#8221;<\/strong>.<\/p>\n<p style=\"text-align: justify;\">En cuanto al tema sem\u00e1ntico de la &#8220;ex&#8221;, m\u00e1s que una evoluci\u00f3n yo lo entiendo como\u00a0 una <strong>ex<\/strong>clusi\u00f3n. Veremos qu\u00e9 sucede y si prospera la demanda: la EXGAE la forman tambi\u00e9n abogados especialistas y no se van a dejar as\u00ed como as\u00ed. La SGAE, eliminando competencia. \u00bfEs cierto eso que me comentan de que la ley tiene un vac\u00edo legal porque no contempla qu\u00e9\/qui\u00e9n gestiona los derechos de autor, es decir, que es una industria sobre la que no existe regulaci\u00f3n alguna?<\/p>\n<p style=\"text-align: justify;\">Y la segunda: ya s\u00e9 que hay mucha literatura y opiniones sobre este asunto, pero una vez recogida la informaci\u00f3n que tengas, poca o mucha, <strong>\u00bft\u00fa qu\u00e9 opinas de la SGAE?\u00a0\u00a0 \u00bfEntiendes a los creadores que la apoyan? \u00bfO este tema TE ABURRE? <\/strong>\ud83d\ude00<strong><br \/>\n<\/strong><\/p>\n<p style=\"text-align: justify;\"><span style=\"font-size: x-small;\"><strong>Imagen: denuncia-social.com.<\/strong><\/span><\/p>\n<p style=\"text-align: center;\">[email_link]\n","protected":false},"excerpt":{"rendered":"<p>La SGAE, una de las instituciones peor valoradas en la red pero al mismo mejor valoradas por un grupo importante de artistas, demanda a la EXGAE. A por ellos. Y aqu\u00ed va el argumentario, o parte de \u00e9l. La &#8216;s&#8217; fricativa La sociedad considera que desde el punto de vista fon\u00e9tico, &#8220;anteponer a la consonante fricativa alveolar sorda \/s\/ la[&#8230;]<\/p>\n","protected":false},"author":1,"featured_media":0,"comment_status":"open","ping_status":"open","sticky":false,"template":"","format":"standard","meta":{"footnotes":""},"categories":[3],"tags":[860,1251,1793,3041],"class_list":["post-6924","post","type-post","status-publish","format-standard","hentry","category-web-20","tag-demanda","tag-exgae","tag-juicio","tag-sgae"],"_links":{"self":[{"href":"https:\/\/escribocreativo.com\/blog\/wp-json\/wp\/v2\/posts\/6924","targetHints":{"allow":["GET"]}}],"collection":[{"href":"https:\/\/escribocreativo.com\/blog\/wp-json\/wp\/v2\/posts"}],"about":[{"href":"https:\/\/escribocreativo.com\/blog\/wp-json\/wp\/v2\/types\/post"}],"author":[{"embeddable":true,"href":"https:\/\/escribocreativo.com\/blog\/wp-json\/wp\/v2\/users\/1"}],"replies":[{"embeddable":true,"href":"https:\/\/escribocreativo.com\/blog\/wp-json\/wp\/v2\/comments?post=6924"}],"version-history":[{"count":0,"href":"https:\/\/escribocreativo.com\/blog\/wp-json\/wp\/v2\/posts\/6924\/revisions"}],"wp:attachment":[{"href":"https:\/\/escribocreativo.com\/blog\/wp-json\/wp\/v2\/media?parent=6924"}],"wp:term":[{"taxonomy":"category","embeddable":true,"href":"https:\/\/escribocreativo.com\/blog\/wp-json\/wp\/v2\/categories?post=6924"},{"taxonomy":"post_tag","embeddable":true,"href":"https:\/\/escribocreativo.com\/blog\/wp-json\/wp\/v2\/tags?post=6924"}],"curies":[{"name":"wp","href":"https:\/\/api.w.org\/{rel}","templated":true}]}}