{"id":7009,"date":"2010-09-17T23:55:20","date_gmt":"2010-09-17T22:55:20","guid":{"rendered":"http:\/\/poesiamas.net\/blog\/?p=7009"},"modified":"2015-03-14T00:51:09","modified_gmt":"2015-03-14T00:51:09","slug":"donde-dije-digo-digo-julio","status":"publish","type":"post","link":"https:\/\/escribocreativo.com\/blog\/2010\/09\/17\/donde-dije-digo-digo-julio\/","title":{"rendered":"Donde dije digo, digo \u00a1Julio!"},"content":{"rendered":"<p style=\"text-align: justify;\">\n<div id=\"attachment_7010\" style=\"width: 610px\" class=\"wp-caption aligncenter\"><img loading=\"lazy\" decoding=\"async\" aria-describedby=\"caption-attachment-7010\" class=\"size-full wp-image-7010\" title=\"Facebook\" src=\"https:\/\/escribocreativo.com\/blog\/wp-content\/uploads\/2010\/09\/facebook.jpg\" alt=\"\" width=\"600\" height=\"302\" \/><p id=\"caption-attachment-7010\" class=\"wp-caption-text\">Mi Facebook<\/p><\/div>\n<p style=\"text-align: justify;\">Y lo sigo teniendo muy claro. <a href=\"https:\/\/escribocreativo.com\/blog\/2010\/03\/30\/10-razones-para-abandonar-facebook\/\">No he cambiado un \u00e1pice lo que pienso sobre Facebook -bueno, un \u00e1pice s\u00ed, porque vuelvo-.<\/a> Pero, sencillamente, hay tantos autores que me insisten con unirme a Facebook -ese nuevo continente- para estar en contacto que no me parece inteligente mantener una postura numantina sobre no volver m\u00e1s.<\/p>\n<p style=\"text-align: justify;\">As\u00ed que ni corto ni perezoso me he registrado de nuevo y he a\u00f1adido mis seis primeros amigos, todos conocidos, y los que me faltan que ya he enviado solicitudes. Me da qu\u00e9 pensar sobre el poder de estas redes sociales, y c\u00f3mo la marea te va arrastrando. Si tengo una revista literaria, y la amplia mayor\u00eda de sus miembros lo usan como medio de comunicarse com\u00fan, \u00a1c\u00f3mo va a quedar el <em>Community Manager<\/em> fuera! No doubt.<\/p>\n<p style=\"text-align: justify;\">Y es que los escritores no son muy amigos de <a href=\"http:\/\/twitter.com\/juliof1\" target=\"_blank\">Twitter<\/a>, \u00a1pero casi todos tienen Facebook! Cosas curiosas de los amantes de las letras. Si me lees y tienes tu cuenta, av\u00edsame y \u00a1nos vemos por all\u00ed!<\/p>\n<p style=\"text-align: center;\">[email_link]\n","protected":false},"excerpt":{"rendered":"<p>Y lo sigo teniendo muy claro. No he cambiado un \u00e1pice lo que pienso sobre Facebook -bueno, un \u00e1pice s\u00ed, porque vuelvo-. Pero, sencillamente, hay tantos autores que me insisten con unirme a Facebook -ese nuevo continente- para estar en contacto que no me parece inteligente mantener una postura numantina sobre no volver m\u00e1s. As\u00ed que ni corto ni perezoso[&#8230;]<\/p>\n","protected":false},"author":1,"featured_media":0,"comment_status":"open","ping_status":"open","sticky":false,"template":"","format":"standard","meta":{"footnotes":""},"categories":[3608],"tags":[1269],"class_list":["post-7009","post","type-post","status-publish","format-standard","hentry","category-literatura","tag-facebook"],"_links":{"self":[{"href":"https:\/\/escribocreativo.com\/blog\/wp-json\/wp\/v2\/posts\/7009","targetHints":{"allow":["GET"]}}],"collection":[{"href":"https:\/\/escribocreativo.com\/blog\/wp-json\/wp\/v2\/posts"}],"about":[{"href":"https:\/\/escribocreativo.com\/blog\/wp-json\/wp\/v2\/types\/post"}],"author":[{"embeddable":true,"href":"https:\/\/escribocreativo.com\/blog\/wp-json\/wp\/v2\/users\/1"}],"replies":[{"embeddable":true,"href":"https:\/\/escribocreativo.com\/blog\/wp-json\/wp\/v2\/comments?post=7009"}],"version-history":[{"count":0,"href":"https:\/\/escribocreativo.com\/blog\/wp-json\/wp\/v2\/posts\/7009\/revisions"}],"wp:attachment":[{"href":"https:\/\/escribocreativo.com\/blog\/wp-json\/wp\/v2\/media?parent=7009"}],"wp:term":[{"taxonomy":"category","embeddable":true,"href":"https:\/\/escribocreativo.com\/blog\/wp-json\/wp\/v2\/categories?post=7009"},{"taxonomy":"post_tag","embeddable":true,"href":"https:\/\/escribocreativo.com\/blog\/wp-json\/wp\/v2\/tags?post=7009"}],"curies":[{"name":"wp","href":"https:\/\/api.w.org\/{rel}","templated":true}]}}