{"id":7044,"date":"2010-09-30T18:11:26","date_gmt":"2010-09-30T17:11:26","guid":{"rendered":"http:\/\/poesiamas.net\/blog\/?p=7044"},"modified":"2015-03-14T00:51:08","modified_gmt":"2015-03-14T00:51:08","slug":"escritor-de-bestsellers-o-de-textos-literarios","status":"publish","type":"post","link":"https:\/\/escribocreativo.com\/blog\/2010\/09\/30\/escritor-de-bestsellers-o-de-textos-literarios\/","title":{"rendered":"\u00bfEscritor de bestsellers o de textos literarios?"},"content":{"rendered":"<div id=\"attachment_7046\" style=\"width: 431px\" class=\"wp-caption aligncenter\"><a href=\"https:\/\/escribocreativo.com\/blog\/wp-content\/uploads\/2010\/09\/moleskine.jpg\"><img loading=\"lazy\" decoding=\"async\" aria-describedby=\"caption-attachment-7046\" class=\"size-full wp-image-7046\" title=\"moleskine\" src=\"https:\/\/escribocreativo.com\/blog\/wp-content\/uploads\/2010\/09\/moleskine.jpg\" alt=\"\" width=\"421\" height=\"320\" \/><\/a><p id=\"caption-attachment-7046\" class=\"wp-caption-text\">Moleskines<\/p><\/div>\n<p style=\"text-align: justify;\">Uno va anotando cuestiones en los moleskines y luego quedan postergadas por otras que nos parecen m\u00e1s interesantes o nos motivan m\u00e1s, de tal forma que la pila de asuntos se va haciendo tan grande como aumenta la de moleskines guardados en la mesilla de noche.<\/p>\n<p style=\"text-align: justify;\">Revisando mis papeles he encontrado una direcci\u00f3n an\u00f3nima sobre algo que parec\u00eda interesarme. Me llev\u00f3 a una noticia sobre el escritor Juan Goytisolo, que se mostraba en profundo desacuerdo con los  criterios exclusivamente comerciales por los que se gu\u00edan la mayor\u00eda de  los editores del mundo, aunque en la noticia reconoc\u00eda que <strong>\u00e9l &#8220;nunca&#8221; critica a  los novelistas que &#8220;venden mucho, porque &#8220;gracias a ellos&#8221; puede vivir  \u00e9l. <\/strong><\/p>\n<p style=\"text-align: justify;\">&#8220;<strong>Los  autores de textos literarios somos de alguna manera los par\u00e1sitos de los  campeones de venta. Pero as\u00ed debe ser<\/strong>&#8220;, declaraciones hechas mientras presentaba su novela <em>El exiliado de aqu\u00ed y all\u00e1<\/em>.<\/p>\n<p style=\"text-align: justify;\"><!--more--><\/p>\n<p style=\"text-align: justify;\">Curiosa forma de expresar lo que se permea en los mentideros que no comparten el sistema de escritores &#8220;suscritos&#8221; a determinados suplementos culturales, como si estos fueran la representaci\u00f3n de nuestra literatura por tener una columna diaria o porque la editorial, que pertenece al grupo empresarial de ese peri\u00f3dico o radio, publicite a todas horas su nueva novela. \u00bfLes suena?<\/p>\n<p style=\"text-align: justify;\">Entre otras perlas de Goytisolo destaco:<\/p>\n<p style=\"text-align: justify;\">1 En desacuerdo con el af\u00e1n de venta de los editores y contra &#8220;esos mamotretos de  novelas&#8221; que se publican con frecuencia hoy d\u00eda, porque &#8220;es algo muerto y  enterrado que no significa absolutamente nada&#8221;.<\/p>\n<p style=\"text-align: justify;\">2 &#8220;La existencia comercial oculta la inexistencia  art\u00edstica&#8221;. &#8220;Ese fen\u00f3meno que se ve a diario <strong>est\u00e1 afectando a la  organizaci\u00f3n cultural de los estados<\/strong>&#8220;.<\/p>\n<p style=\"text-align: justify;\">3 Dato: en el Instituto Franc\u00e9s de Madrid a los ni\u00f1os que aprenden  espa\u00f1ol les recomiendan leer &#8220;La sombra del viento&#8221;, de Carlos Ruiz  Zaf\u00f3n, y &#8220;La catedral del mar&#8221;, de Ildefonso Falcones. &#8220;En fin, <strong>sobran<\/strong> los comentarios&#8221;, a\u00f1adi\u00f3.<\/p>\n<p style=\"text-align: justify;\">4 &#8220;Lo promocionado es supuestamente lo que tiene valor  literario, y esto es muy grave&#8221;. &#8220;<strong>La publicidad<\/strong>, el af\u00e1n comercial, <strong> oculta<\/strong> la falta de iniciativa y de creaci\u00f3n art\u00edstica&#8221;.<\/p>\n<p style=\"text-align: justify;\">Lo que muchos piensan -pensamos- pero que <strong>jam\u00e1s<\/strong> oiremos decir a tantos autores establecidos en editoriales o grandes emporios medi\u00e1ticos, dicho por un autor que tiene su propio punto de vista, no la verdad absoluta, con ese hast\u00edo que parece reflejar las sensaciones de la literatura de este nuevo siglo en Espa\u00f1a. \u00bfQuerr\u00e1 decir tambi\u00e9n Goytisolo que los <em>best-sellers <\/em>son <strong>un mal<\/strong> <strong>necesario para poder leer literatura en may\u00fasculas<\/strong>?<\/p>\n<p style=\"text-align: center;\">[email_link]\n","protected":false},"excerpt":{"rendered":"<p>Uno va anotando cuestiones en los moleskines y luego quedan postergadas por otras que nos parecen m\u00e1s interesantes o nos motivan m\u00e1s, de tal forma que la pila de asuntos se va haciendo tan grande como aumenta la de moleskines guardados en la mesilla de noche. Revisando mis papeles he encontrado una direcci\u00f3n an\u00f3nima sobre algo que parec\u00eda interesarme. Me[&#8230;]<\/p>\n","protected":false},"author":1,"featured_media":0,"comment_status":"open","ping_status":"open","sticky":false,"template":"","format":"standard","meta":{"footnotes":""},"categories":[3608],"tags":[328,1776,1989,2738],"class_list":["post-7044","post","type-post","status-publish","format-standard","hentry","category-literatura","tag-best-sellers","tag-juan-goytisolo","tag-la-ciudad-y-las-letras","tag-publicidad"],"_links":{"self":[{"href":"https:\/\/escribocreativo.com\/blog\/wp-json\/wp\/v2\/posts\/7044","targetHints":{"allow":["GET"]}}],"collection":[{"href":"https:\/\/escribocreativo.com\/blog\/wp-json\/wp\/v2\/posts"}],"about":[{"href":"https:\/\/escribocreativo.com\/blog\/wp-json\/wp\/v2\/types\/post"}],"author":[{"embeddable":true,"href":"https:\/\/escribocreativo.com\/blog\/wp-json\/wp\/v2\/users\/1"}],"replies":[{"embeddable":true,"href":"https:\/\/escribocreativo.com\/blog\/wp-json\/wp\/v2\/comments?post=7044"}],"version-history":[{"count":0,"href":"https:\/\/escribocreativo.com\/blog\/wp-json\/wp\/v2\/posts\/7044\/revisions"}],"wp:attachment":[{"href":"https:\/\/escribocreativo.com\/blog\/wp-json\/wp\/v2\/media?parent=7044"}],"wp:term":[{"taxonomy":"category","embeddable":true,"href":"https:\/\/escribocreativo.com\/blog\/wp-json\/wp\/v2\/categories?post=7044"},{"taxonomy":"post_tag","embeddable":true,"href":"https:\/\/escribocreativo.com\/blog\/wp-json\/wp\/v2\/tags?post=7044"}],"curies":[{"name":"wp","href":"https:\/\/api.w.org\/{rel}","templated":true}]}}