{"id":7052,"date":"2010-10-03T19:32:07","date_gmt":"2010-10-03T18:32:07","guid":{"rendered":"http:\/\/poesiamas.net\/blog\/?p=7052"},"modified":"2010-10-03T19:32:07","modified_gmt":"2010-10-03T18:32:07","slug":"alimentacion-y-sostenibilidad","status":"publish","type":"post","link":"https:\/\/escribocreativo.com\/blog\/2010\/10\/03\/alimentacion-y-sostenibilidad\/","title":{"rendered":"Alimentaci\u00f3n y sostenibilidad"},"content":{"rendered":"<p style=\"text-align: justify;\">\u00bfNos preocupamos por la calidad de nuestra alimentaci\u00f3n? Y siendo as\u00ed, \u00bfsomos ego\u00edstas pensando en nuestro bolsillo porque desconocemos que puede existir una relaci\u00f3n sana y equilibrada entre los productores y nosotros, el consumidor final? Todas estas cuestiones, y otras tantas, las estuve meditando hoy mientras recorr\u00eda en el Recinto Ferial de Las Palmas de Gran Canaria la feria &#8220;Gran Canaria, un mercado \u00fanico&#8221;.<\/p>\n<p style=\"text-align: justify;\"><a href=\"https:\/\/escribocreativo.com\/blog\/wp-content\/uploads\/2010\/10\/feria011.jpg\"><img loading=\"lazy\" decoding=\"async\" class=\"alignleft size-full wp-image-7061\" title=\"feria01\" src=\"https:\/\/escribocreativo.com\/blog\/wp-content\/uploads\/2010\/10\/feria011.jpg\" alt=\"\" width=\"450\" height=\"338\" \/><\/a>Los que han acudido alguna vez a este tipo de ferias en su comunidad conocen bien que se trata de un lugar para comprar y degustar productos frescos y elaborados, as\u00ed como para promocionar determinados art\u00edculos. Se encuentra de todo en estas ferias: fruta, verduras, aceites, vinos, pan, reposter\u00eda&#8230;<\/p>\n<p style=\"text-align: justify;\">Precisamente en el puesto donde saqu\u00e9 esta foto, comentaba el dependiente -que, por las fotos que hab\u00eda tras de \u00e9l, parec\u00eda uno de los due\u00f1os de la explotaci\u00f3n agr\u00edcola- que ellos vend\u00edan sus productos directamente del campo al consumidor, y que estas ferias eran una gran oportunidad para dar a conocer sus productos. Entre otros factores, porque sus precios finales eran sensiblemente m\u00e1s baratos por una raz\u00f3n que he estado escuchando toda la vida -consecuencias de tener un abuelo agricultor-: el gran beneficio que obtienen los intermediarios.<\/p>\n<p style=\"text-align: justify;\"><a href=\"https:\/\/escribocreativo.com\/blog\/wp-content\/uploads\/2010\/10\/feria03.jpg\"><img loading=\"lazy\" decoding=\"async\" class=\"alignright size-full wp-image-7054\" title=\"feria03\" src=\"https:\/\/escribocreativo.com\/blog\/wp-content\/uploads\/2010\/10\/feria03.jpg\" alt=\"\" width=\"350\" height=\"263\" \/><\/a>El asunto es el de siempre, dec\u00eda el joven explic\u00e1ndolo a unos clientes: sin intermediarios, yo obtengo un precio justo por mi trabajo, y los consumidores un precio justo tambi\u00e9n. Mi abuelo me lo explic\u00f3 as\u00ed:<\/p>\n<blockquote>\n<p style=\"text-align: justify;\">El problema es que yo tengo una cosecha de limones que sale tanto el kilo, pongamos que lo puedo vender a 60. Entonces viene un se\u00f1or y me dice: mire, todo esto que tiene usted yo se lo compro a tanto, vamos a poner 45 c\u00e9ntimos el kilo. Yo traigo los camiones, dice el se\u00f1or, le recojo esto pero yo se lo pago mensual. Y lo mejor: tenga usted o no cosecha, yo se lo compro. As\u00ed que todo el a\u00f1o no tiene que preocuparse de nada, porque si hay mala cosecha o no yo le pago igual.<\/p>\n<p style=\"text-align: justify;\"><!--more--><\/p>\n<p style=\"text-align: justify;\">Claro, dice mi abuelo, este es el abuso. Yo s\u00e9 que tenga una buena cosecha o no, a m\u00ed me van a pagar igual, aunque lo que vaya a ganar sea\u00a0 menos de lo que ganar\u00eda llev\u00e1ndolo a un comercio. Ese es el benficio del intermediario: ellos luego le dicen al de la tienda, mire, yo le traigo estos limones a un euro, el comerciante, que ya tiene un producto caro, \u00bfcu\u00e1nto le pone? Pues poco, porque el cliente no va a pagar una gran cantidad, as\u00ed que pone los limones a 1,20\u20ac para ganarse 20 c\u00e9ntimos por kilo. Este es el abuso de los intermediarios: yo me gano 45, el de la tienda 20 y el intermediario saca 55.\u00a0 Y esto poni\u00e9ndonos en productos de temporada y que haya excedente, as\u00ed que el precio baja; si no es de temporada o hay pocos, y yo tengo buena cosecha pero muchos otros no, pudiendo yo venderlo a el doble si no hubiera hecho el trato, el beneficio del intermediario es tremendo, porque a m\u00ed me sigue pagando los 45 c\u00e9ntimos de siempre. Pero, amigo, el hambre es muy negra, y hay que comer, y el trabajo del campo es duro, y m\u00e1s vale p\u00e1jaro en mano que ciento volando; el agricultor solo entiende que su familia tiene que comer, y al menos no perder dinero, con eso ya se da por contento. Y yo lo s\u00e9 porque he sido agricultor, he tenido tienda, y nunca he sido intermediario -y aqu\u00ed mi abuelo se r\u00ede-.<\/p>\n<\/blockquote>\n<p style=\"text-align: justify;\"><a href=\"https:\/\/escribocreativo.com\/blog\/wp-content\/uploads\/2010\/10\/feria10.jpg\"><img loading=\"lazy\" decoding=\"async\" class=\"aligncenter size-full wp-image-7057\" title=\"feria10\" src=\"https:\/\/escribocreativo.com\/blog\/wp-content\/uploads\/2010\/10\/feria10.jpg\" alt=\"\" width=\"600\" height=\"450\" \/><\/a>Se est\u00e1 intentado en las Islas, a pesar de la presi\u00f3n de los intermediarios -grandes supermercados y almacenes, distribuidoras, etc.-, crear puntos de venta directa para estos agricultores: de la huerta a la nevera, podr\u00eda decirse. Todo son ventajas, pens\u00e1ndolo bien:<\/p>\n<ol>\n<li style=\"text-align: justify;\">Defensa de lo nuestro, por m\u00e1s demag\u00f3gico que pueda sonar este argumento.<\/li>\n<li style=\"text-align: justify;\">Sostenimiento: precios razonables, precio justo por un trabajo justo.<\/li>\n<li style=\"text-align: justify;\">Menos dependencia del exterior; abogar por agricultura sostenible.<\/li>\n<li style=\"text-align: justify;\">Un trabajo digno y no seg\u00fan las directrices del mercado.<\/li>\n<li style=\"text-align: justify;\">Exigencia de un producto final de calidad y un precio final sin &#8220;inflaci\u00f3n&#8221; para el consumidor final.<\/li>\n<li style=\"text-align: justify;\">Mimo de nuestra identidad cultural y pervivencia de t\u00e9cnicas artesanales tradicionales.<\/li>\n<\/ol>\n<p style=\"text-align: justify;\">Este dinero, adem\u00e1s, que uno da a los agricultores y artesanos de nuestra tierra, no va a parar a multinacionales de la alimentaci\u00f3n, sino que regresa al caudal de Canarias, fortaleciendo el tejido productivo y, adem\u00e1s, fortaleciendo la sostenibilidad de nuestras tradiciones y nuestra identidad, porque tambi\u00e9n forma parte de una cultura la alimentaci\u00f3n, eso que ahora se llama la gastronom\u00eda, aunque no sea lo mismo una cosa que la otra.<\/p>\n<p style=\"text-align: justify;\"><a href=\"https:\/\/escribocreativo.com\/blog\/wp-content\/uploads\/2010\/10\/feria11.jpg\"><img loading=\"lazy\" decoding=\"async\" class=\"aligncenter size-full wp-image-7058\" title=\"feria11\" src=\"https:\/\/escribocreativo.com\/blog\/wp-content\/uploads\/2010\/10\/feria11.jpg\" alt=\"\" width=\"375\" height=\"500\" \/><\/a>Yo espero que estas iniciativas se vayan instalando en nuestra tierra, que los pol\u00edticos -bueno, en estos deposito muy poca fe- apoyen estas iniciativas y no se dejen arrastrar -menos fe a\u00fan- por las presiones de las grandes corporaciones y superficies.<\/p>\n<p style=\"text-align: justify;\"><a href=\"https:\/\/escribocreativo.com\/blog\/wp-content\/uploads\/2010\/10\/feria06.jpg\"><img loading=\"lazy\" decoding=\"async\" class=\"aligncenter size-full wp-image-7056\" title=\"feria06\" src=\"https:\/\/escribocreativo.com\/blog\/wp-content\/uploads\/2010\/10\/feria06.jpg\" alt=\"\" width=\"600\" height=\"450\" \/><\/a>No s\u00e9 si la expresi\u00f3n &#8220;consumo responsable&#8221; tiene alg\u00fan sentido, pero desde luego que forma parte de nuestra responsabilidad como consumidores y de nuestra conciencia de en qu\u00e9 comunidad vivimos la de intentar apoyar, en nuestra medida, a estas iniciativas de venta directa porque, entre todos, ganamos, no solo nosotros como consumidor final, sino como anclaje de una cultura y de una calidad alimentaria de primer nivel. \u00a1Ay, qu\u00e9 rico ese aceitito virgen de Santa Luc\u00eda, y ese pan de huevo artesanal, \u00f1am \u00f1am qu\u00e9 rico esas lechuguitas de distintas variedades, y ese bienmesabe, pero qu\u00e9 bien me sabe! \ud83d\ude00<\/p>\n<blockquote>\n<p style=\"text-align: justify;\">Vale que no pasa siempre, pero mire usted. Est\u00e1bamos\u00a0 comprando aceite y nos dice el se\u00f1or dependiente junto al mismo: <em>s\u00ed, en efecto, por all\u00e1 hay un puesto de aceite tambi\u00e9n de mi zona<\/em> <em>\u00a1Y que esta es la \u00faltima que me queda por vender!.<\/em> Al final compra la \u00faltima botellita de aceite, y le dice el se\u00f1or: <em>mire, como les veo a ustedes aceiteros y que pregunta por la otra, la voy a llevar y le voy a decir a las chicas que vienen de mi parte y que les gusta comprar aceite de Santa Luc\u00eda, para que les haga un precio<\/em>. Y va el se\u00f1or y nos lleva y le dice a las se\u00f1oras del otro puesto de aceite: <em>mira, que son buenos clientes, que viene ncomprando aceite del nuestro, tr\u00e1tamelos bien.<\/em><\/p>\n<p style=\"text-align: justify;\"><a href=\"https:\/\/escribocreativo.com\/blog\/wp-content\/uploads\/2010\/10\/foto04.jpg\"><img loading=\"lazy\" decoding=\"async\" class=\"aligncenter size-full wp-image-7055\" title=\"foto04\" src=\"https:\/\/escribocreativo.com\/blog\/wp-content\/uploads\/2010\/10\/foto04.jpg\" alt=\"\" width=\"350\" height=\"263\" \/><\/a>Que no pasa siempre, pero con estas gentes siempre me pasa. Que la buena gente, cuando t\u00fa cumples, ellos cumplen: lo que ocurre es que tendemos a hablar m\u00e1s de los malas an\u00e9cdotas que de las buenas, porque pensamos que las buenas nos las merecemos.<\/p>\n<p style=\"text-align: justify;\">\u00a1Y el que lo quiera coger, que lo coja! \ud83d\ude00<\/p>\n<\/blockquote>\n<p style=\"text-align: center;\">[email_link]\n","protected":false},"excerpt":{"rendered":"<p>\u00bfNos preocupamos por la calidad de nuestra alimentaci\u00f3n? Y siendo as\u00ed, \u00bfsomos ego\u00edstas pensando en nuestro bolsillo porque desconocemos que puede existir una relaci\u00f3n sana y equilibrada entre los productores y nosotros, el consumidor final? Todas estas cuestiones, y otras tantas, las estuve meditando hoy mientras recorr\u00eda en el Recinto Ferial de Las Palmas de Gran Canaria la feria &#8220;Gran[&#8230;]<\/p>\n","protected":false},"author":1,"featured_media":0,"comment_status":"open","ping_status":"open","sticky":false,"template":"","format":"standard","meta":{"footnotes":""},"categories":[10],"tags":[96,136,712,1299,1677,2671,3116],"class_list":["post-7052","post","type-post","status-publish","format-standard","hentry","category-la-ciudad-reflexiva","tag-agricultura","tag-alimentacion","tag-consumidor","tag-feria","tag-intermediarios","tag-precios","tag-sostenibilidad"],"_links":{"self":[{"href":"https:\/\/escribocreativo.com\/blog\/wp-json\/wp\/v2\/posts\/7052","targetHints":{"allow":["GET"]}}],"collection":[{"href":"https:\/\/escribocreativo.com\/blog\/wp-json\/wp\/v2\/posts"}],"about":[{"href":"https:\/\/escribocreativo.com\/blog\/wp-json\/wp\/v2\/types\/post"}],"author":[{"embeddable":true,"href":"https:\/\/escribocreativo.com\/blog\/wp-json\/wp\/v2\/users\/1"}],"replies":[{"embeddable":true,"href":"https:\/\/escribocreativo.com\/blog\/wp-json\/wp\/v2\/comments?post=7052"}],"version-history":[{"count":0,"href":"https:\/\/escribocreativo.com\/blog\/wp-json\/wp\/v2\/posts\/7052\/revisions"}],"wp:attachment":[{"href":"https:\/\/escribocreativo.com\/blog\/wp-json\/wp\/v2\/media?parent=7052"}],"wp:term":[{"taxonomy":"category","embeddable":true,"href":"https:\/\/escribocreativo.com\/blog\/wp-json\/wp\/v2\/categories?post=7052"},{"taxonomy":"post_tag","embeddable":true,"href":"https:\/\/escribocreativo.com\/blog\/wp-json\/wp\/v2\/tags?post=7052"}],"curies":[{"name":"wp","href":"https:\/\/api.w.org\/{rel}","templated":true}]}}